{"id":1159,"date":"2015-02-06T11:23:14","date_gmt":"2015-02-06T11:23:14","guid":{"rendered":"http:\/\/observatoriodaimprensa.net\/?p=1159"},"modified":"2019-09-13T14:13:03","modified_gmt":"2019-09-13T14:13:03","slug":"caricatura-na-logica-jornal-de-angola","status":"publish","type":"post","link":"https:\/\/observatoriodaimprensa.net\/en\/caricatura-na-logica-jornal-de-angola\/","title":{"rendered":"A caricatura na l\u00f3gica do Jornal de Angola"},"content":{"rendered":"<p class=\"qtranxs-available-languages-message qtranxs-available-languages-message-en\">Sorry, this entry is only available in <a href=\"https:\/\/observatoriodaimprensa.net\/pt\/wp-json\/wp\/v2\/posts\/1159\" class=\"qtranxs-available-language-link qtranxs-available-language-link-pt\" title=\"Portugu\u00eas\">European Portuguese<\/a>.<\/p>","protected":false},"excerpt":{"rendered":"<p>Sorry, this entry is only available in European Portuguese.<\/p>\n","protected":false},"author":2,"featured_media":1160,"comment_status":"open","ping_status":"open","sticky":false,"template":"","format":"standard","meta":[],"categories":[70,25],"tags":[],"yoast_head":"<!-- This site is optimized with the Yoast SEO plugin v16.7 - https:\/\/yoast.com\/wordpress\/plugins\/seo\/ -->\n<title>A caricatura na l\u00f3gica do Jornal de Angola<\/title>\n<meta name=\"description\" content=\"Com esta imprensa de conte\u00fado sob controlo se pode falar da exist\u00eancia de democracia? Que democracia? Aquela que foi anunciada pelos te\u00f3ricos do liberalismo no ponto inicial da empreitada em comunh\u00e3o com a Constitui\u00e7\u00e3o da Rep\u00fablica de Angola?\" \/>\n<meta name=\"robots\" content=\"index, follow, max-snippet:-1, max-image-preview:large, max-video-preview:-1\" \/>\n<link rel=\"canonical\" href=\"https:\/\/observatoriodaimprensa.net\/caricatura-na-logica-jornal-de-angola\/\" \/>\n<meta property=\"og:locale\" content=\"en_US\" \/>\n<meta property=\"og:type\" content=\"article\" \/>\n<meta property=\"og:title\" content=\"A caricatura na l\u00f3gica do Jornal de Angola\" \/>\n<meta property=\"og:description\" content=\"Com esta imprensa de conte\u00fado sob controlo se pode falar da exist\u00eancia de democracia? Que democracia? Aquela que foi anunciada pelos te\u00f3ricos do liberalismo no ponto inicial da empreitada em comunh\u00e3o com a Constitui\u00e7\u00e3o da Rep\u00fablica de Angola?\" \/>\n<meta property=\"og:url\" content=\"https:\/\/observatoriodaimprensa.net\/caricatura-na-logica-jornal-de-angola\/\" \/>\n<meta property=\"og:site_name\" content=\"Observat\u00f3rio da imprensa\" \/>\n<meta property=\"article:published_time\" content=\"2015-02-06T11:23:14+00:00\" \/>\n<meta property=\"article:modified_time\" content=\"2019-09-13T14:13:03+00:00\" \/>\n<meta property=\"og:image\" content=\"https:\/\/observatoriodaimprensa.net\/wp-content\/uploads\/2015\/02\/Caricatura.jpg\" \/>\n\t<meta property=\"og:image:width\" content=\"500\" \/>\n\t<meta property=\"og:image:height\" content=\"309\" \/>\n<meta name=\"twitter:label1\" content=\"Written by\" \/>\n\t<meta name=\"twitter:data1\" content=\"OI\" \/>\n\t<meta name=\"twitter:label2\" content=\"Est. reading time\" \/>\n\t<meta name=\"twitter:data2\" content=\"3 minutes\" \/>\n<script type=\"application\/ld+json\" class=\"yoast-schema-graph\">{\"@context\":\"https:\/\/schema.org\",\"@graph\":[{\"@type\":\"WebSite\",\"@id\":\"https:\/\/observatoriodaimprensa.net\/#website\",\"url\":\"https:\/\/observatoriodaimprensa.net\/\",\"name\":\"Observat\\u00f3rio da imprensa\",\"description\":\"\",\"potentialAction\":[{\"@type\":\"SearchAction\",\"target\":{\"@type\":\"EntryPoint\",\"urlTemplate\":\"https:\/\/observatoriodaimprensa.net\/?s={search_term_string}\"},\"query-input\":\"required name=search_term_string\"}],\"inLanguage\":\"en-US\"},{\"@type\":\"ImageObject\",\"@id\":\"https:\/\/observatoriodaimprensa.net\/caricatura-na-logica-jornal-de-angola\/#primaryimage\",\"inLanguage\":\"en-US\",\"url\":\"https:\/\/observatoriodaimprensa.net\/wp-content\/uploads\/2015\/02\/Caricatura.jpg\",\"contentUrl\":\"https:\/\/observatoriodaimprensa.net\/wp-content\/uploads\/2015\/02\/Caricatura.jpg\",\"width\":500,\"height\":309},{\"@type\":\"WebPage\",\"@id\":\"https:\/\/observatoriodaimprensa.net\/caricatura-na-logica-jornal-de-angola\/#webpage\",\"url\":\"https:\/\/observatoriodaimprensa.net\/caricatura-na-logica-jornal-de-angola\/\",\"name\":\"A caricatura na l\\u00f3gica do Jornal de Angola\",\"isPartOf\":{\"@id\":\"https:\/\/observatoriodaimprensa.net\/#website\"},\"primaryImageOfPage\":{\"@id\":\"https:\/\/observatoriodaimprensa.net\/caricatura-na-logica-jornal-de-angola\/#primaryimage\"},\"datePublished\":\"2015-02-06T11:23:14+00:00\",\"dateModified\":\"2019-09-13T14:13:03+00:00\",\"author\":{\"@id\":\"https:\/\/observatoriodaimprensa.net\/#\/schema\/person\/91ffb291eefe6573f35f382bdeebea62\"},\"description\":\"Com esta imprensa de conte\\u00fado sob controlo se pode falar da exist\\u00eancia de democracia? Que democracia? Aquela que foi anunciada pelos te\\u00f3ricos do liberalismo no ponto inicial da empreitada em comunh\\u00e3o com a Constitui\\u00e7\\u00e3o da Rep\\u00fablica de Angola?\",\"breadcrumb\":{\"@id\":\"https:\/\/observatoriodaimprensa.net\/caricatura-na-logica-jornal-de-angola\/#breadcrumb\"},\"inLanguage\":\"en-US\",\"potentialAction\":[{\"@type\":\"ReadAction\",\"target\":[\"https:\/\/observatoriodaimprensa.net\/caricatura-na-logica-jornal-de-angola\/\"]}]},{\"@type\":\"BreadcrumbList\",\"@id\":\"https:\/\/observatoriodaimprensa.net\/caricatura-na-logica-jornal-de-angola\/#breadcrumb\",\"itemListElement\":[{\"@type\":\"ListItem\",\"position\":1,\"name\":\"In\\u00edcio\",\"item\":\"https:\/\/observatoriodaimprensa.net\/\"},{\"@type\":\"ListItem\",\"position\":2,\"name\":\"A caricatura na l\\u00f3gica do Jornal de Angola\"}]},{\"@type\":\"Person\",\"@id\":\"https:\/\/observatoriodaimprensa.net\/#\/schema\/person\/91ffb291eefe6573f35f382bdeebea62\",\"name\":\"OI\",\"image\":{\"@type\":\"ImageObject\",\"@id\":\"https:\/\/observatoriodaimprensa.net\/#personlogo\",\"inLanguage\":\"en-US\",\"url\":\"https:\/\/secure.gravatar.com\/avatar\/714fbd1c2449a4ed0d119c20e4fddcc6?s=96&d=mm&r=g\",\"contentUrl\":\"https:\/\/secure.gravatar.com\/avatar\/714fbd1c2449a4ed0d119c20e4fddcc6?s=96&d=mm&r=g\",\"caption\":\"OI\"},\"description\":\"Domingos da Cruz \\u00e9 Graduado em Filosofia e Pedagogia pelo IDBES ( Instituto Dom Bosco de Estudos Superior-Angola) e Mestre em Ci\\u00eancias Jur\\u00eddicas-\\u00c1rea de Direitos Humanos pela Universidade Federal da Paraiba-UFPB-Brasil. Jornalista, Escritor com seis livros publicados e vencedor do Pr\\u00e9mio Nacional de Direitos Humanos, Categoria Ricardo de Melo em 2009. Membro do (NCDH) N\\u00facleo de Cidadania e Direitos Humanos da UFPB, actuando no GT de Investiga\\u00e7\\u00e3o em Seguran\\u00e7a P\\u00fablica, Viol\\u00eancia e Direitos Humanos. \\u00c9 ainda Membro convidado do grupo de pesquisa sobre Ret\\u00f3rica e Direitos Humanos do CCJ (Centro de Ci\\u00eancias Jur\\u00eddicas). Professor de Direitos Humanos, Filosofia da Educa\\u00e7\\u00e3o e Teoria da Educa\\u00e7\\u00e3o. Foi porta-voz do Instituto para Media na Regi\\u00e3o Austral de \\u00c1frica \\u2013 MISA-Angola. Consultor de ONGs nacionais e internacionais.\",\"url\":\"https:\/\/observatoriodaimprensa.net\/en\/author\/domingos-da-cruz-maninho\/\"}]}<\/script>\n<!-- \/ Yoast SEO plugin. -->","yoast_head_json":{"title":"A caricatura na l\u00f3gica do Jornal de Angola","description":"Com esta imprensa de conte\u00fado sob controlo se pode falar da exist\u00eancia de democracia? Que democracia? Aquela que foi anunciada pelos te\u00f3ricos do liberalismo no ponto inicial da empreitada em comunh\u00e3o com a Constitui\u00e7\u00e3o da Rep\u00fablica de Angola?","robots":{"index":"index","follow":"follow","max-snippet":"max-snippet:-1","max-image-preview":"max-image-preview:large","max-video-preview":"max-video-preview:-1"},"canonical":"https:\/\/observatoriodaimprensa.net\/caricatura-na-logica-jornal-de-angola\/","og_locale":"en_US","og_type":"article","og_title":"A caricatura na l\u00f3gica do Jornal de Angola","og_description":"Com esta imprensa de conte\u00fado sob controlo se pode falar da exist\u00eancia de democracia? Que democracia? Aquela que foi anunciada pelos te\u00f3ricos do liberalismo no ponto inicial da empreitada em comunh\u00e3o com a Constitui\u00e7\u00e3o da Rep\u00fablica de Angola?","og_url":"https:\/\/observatoriodaimprensa.net\/caricatura-na-logica-jornal-de-angola\/","og_site_name":"Observat\u00f3rio da imprensa","article_published_time":"2015-02-06T11:23:14+00:00","article_modified_time":"2019-09-13T14:13:03+00:00","og_image":[{"width":500,"height":309,"url":"https:\/\/observatoriodaimprensa.net\/wp-content\/uploads\/2015\/02\/Caricatura.jpg","path":"\/home1\/observ58\/public_html\/wp-content\/uploads\/2015\/02\/Caricatura.jpg","size":"full","id":1160,"alt":"","pixels":154500,"type":"image\/jpeg"}],"twitter_misc":{"Written by":"OI","Est. reading time":"3 minutes"},"schema":{"@context":"https:\/\/schema.org","@graph":[{"@type":"WebSite","@id":"https:\/\/observatoriodaimprensa.net\/#website","url":"https:\/\/observatoriodaimprensa.net\/","name":"Observat\u00f3rio da imprensa","description":"","potentialAction":[{"@type":"SearchAction","target":{"@type":"EntryPoint","urlTemplate":"https:\/\/observatoriodaimprensa.net\/?s={search_term_string}"},"query-input":"required name=search_term_string"}],"inLanguage":"en-US"},{"@type":"ImageObject","@id":"https:\/\/observatoriodaimprensa.net\/caricatura-na-logica-jornal-de-angola\/#primaryimage","inLanguage":"en-US","url":"https:\/\/observatoriodaimprensa.net\/wp-content\/uploads\/2015\/02\/Caricatura.jpg","contentUrl":"https:\/\/observatoriodaimprensa.net\/wp-content\/uploads\/2015\/02\/Caricatura.jpg","width":500,"height":309},{"@type":"WebPage","@id":"https:\/\/observatoriodaimprensa.net\/caricatura-na-logica-jornal-de-angola\/#webpage","url":"https:\/\/observatoriodaimprensa.net\/caricatura-na-logica-jornal-de-angola\/","name":"A caricatura na l\u00f3gica do Jornal de Angola","isPartOf":{"@id":"https:\/\/observatoriodaimprensa.net\/#website"},"primaryImageOfPage":{"@id":"https:\/\/observatoriodaimprensa.net\/caricatura-na-logica-jornal-de-angola\/#primaryimage"},"datePublished":"2015-02-06T11:23:14+00:00","dateModified":"2019-09-13T14:13:03+00:00","author":{"@id":"https:\/\/observatoriodaimprensa.net\/#\/schema\/person\/91ffb291eefe6573f35f382bdeebea62"},"description":"Com esta imprensa de conte\u00fado sob controlo se pode falar da exist\u00eancia de democracia? Que democracia? Aquela que foi anunciada pelos te\u00f3ricos do liberalismo no ponto inicial da empreitada em comunh\u00e3o com a Constitui\u00e7\u00e3o da Rep\u00fablica de Angola?","breadcrumb":{"@id":"https:\/\/observatoriodaimprensa.net\/caricatura-na-logica-jornal-de-angola\/#breadcrumb"},"inLanguage":"en-US","potentialAction":[{"@type":"ReadAction","target":["https:\/\/observatoriodaimprensa.net\/caricatura-na-logica-jornal-de-angola\/"]}]},{"@type":"BreadcrumbList","@id":"https:\/\/observatoriodaimprensa.net\/caricatura-na-logica-jornal-de-angola\/#breadcrumb","itemListElement":[{"@type":"ListItem","position":1,"name":"In\u00edcio","item":"https:\/\/observatoriodaimprensa.net\/"},{"@type":"ListItem","position":2,"name":"A caricatura na l\u00f3gica do Jornal de Angola"}]},{"@type":"Person","@id":"https:\/\/observatoriodaimprensa.net\/#\/schema\/person\/91ffb291eefe6573f35f382bdeebea62","name":"OI","image":{"@type":"ImageObject","@id":"https:\/\/observatoriodaimprensa.net\/#personlogo","inLanguage":"en-US","url":"https:\/\/secure.gravatar.com\/avatar\/714fbd1c2449a4ed0d119c20e4fddcc6?s=96&d=mm&r=g","contentUrl":"https:\/\/secure.gravatar.com\/avatar\/714fbd1c2449a4ed0d119c20e4fddcc6?s=96&d=mm&r=g","caption":"OI"},"description":"Domingos da Cruz \u00e9 Graduado em Filosofia e Pedagogia pelo IDBES ( Instituto Dom Bosco de Estudos Superior-Angola) e Mestre em Ci\u00eancias Jur\u00eddicas-\u00c1rea de Direitos Humanos pela Universidade Federal da Paraiba-UFPB-Brasil. Jornalista, Escritor com seis livros publicados e vencedor do Pr\u00e9mio Nacional de Direitos Humanos, Categoria Ricardo de Melo em 2009. Membro do (NCDH) N\u00facleo de Cidadania e Direitos Humanos da UFPB, actuando no GT de Investiga\u00e7\u00e3o em Seguran\u00e7a P\u00fablica, Viol\u00eancia e Direitos Humanos. \u00c9 ainda Membro convidado do grupo de pesquisa sobre Ret\u00f3rica e Direitos Humanos do CCJ (Centro de Ci\u00eancias Jur\u00eddicas). Professor de Direitos Humanos, Filosofia da Educa\u00e7\u00e3o e Teoria da Educa\u00e7\u00e3o. Foi porta-voz do Instituto para Media na Regi\u00e3o Austral de \u00c1frica \u2013 MISA-Angola. Consultor de ONGs nacionais e internacionais.","url":"https:\/\/observatoriodaimprensa.net\/en\/author\/domingos-da-cruz-maninho\/"}]}},"_links":{"self":[{"href":"https:\/\/observatoriodaimprensa.net\/en\/wp-json\/wp\/v2\/posts\/1159"}],"collection":[{"href":"https:\/\/observatoriodaimprensa.net\/en\/wp-json\/wp\/v2\/posts"}],"about":[{"href":"https:\/\/observatoriodaimprensa.net\/en\/wp-json\/wp\/v2\/types\/post"}],"author":[{"embeddable":true,"href":"https:\/\/observatoriodaimprensa.net\/en\/wp-json\/wp\/v2\/users\/2"}],"replies":[{"embeddable":true,"href":"https:\/\/observatoriodaimprensa.net\/en\/wp-json\/wp\/v2\/comments?post=1159"}],"version-history":[{"count":3,"href":"https:\/\/observatoriodaimprensa.net\/en\/wp-json\/wp\/v2\/posts\/1159\/revisions"}],"predecessor-version":[{"id":1167,"href":"https:\/\/observatoriodaimprensa.net\/en\/wp-json\/wp\/v2\/posts\/1159\/revisions\/1167"}],"wp:featuredmedia":[{"embeddable":true,"href":"https:\/\/observatoriodaimprensa.net\/en\/wp-json\/wp\/v2\/media\/1160"}],"wp:attachment":[{"href":"https:\/\/observatoriodaimprensa.net\/en\/wp-json\/wp\/v2\/media?parent=1159"}],"wp:term":[{"taxonomy":"category","embeddable":true,"href":"https:\/\/observatoriodaimprensa.net\/en\/wp-json\/wp\/v2\/categories?post=1159"},{"taxonomy":"post_tag","embeddable":true,"href":"https:\/\/observatoriodaimprensa.net\/en\/wp-json\/wp\/v2\/tags?post=1159"}],"curies":[{"name":"wp","href":"https:\/\/api.w.org\/{rel}","templated":true}]}}