{"id":1826,"date":"2017-11-04T23:07:01","date_gmt":"2017-11-04T23:07:01","guid":{"rendered":"http:\/\/observatoriodaimprensa.net\/?p=1826"},"modified":"2019-09-13T02:10:07","modified_gmt":"2019-09-13T02:10:07","slug":"english-the-madman-as-a-victim-of-descartes","status":"publish","type":"post","link":"https:\/\/observatoriodaimprensa.net\/en\/english-the-madman-as-a-victim-of-descartes\/","title":{"rendered":"The madman as a victim of Descartes"},"content":{"rendered":"<p><figure id=\"attachment_1827\" class=\"wp-caption alignright\" style=\"width: 300px\"><a href=\"http:\/\/observatoriodaimprensa.net\/wp-content\/uploads\/2017\/11\/edvard_munchs_the_scream_painting_uiyoy.jpg\"><img class=\"wp-image-1827 size-medium\" src=\"http:\/\/observatoriodaimprensa.net\/wp-content\/uploads\/2017\/11\/edvard_munchs_the_scream_painting_uiyoy-300x273.jpg\" alt=\"edvard_munchs_the_scream_painting_uiyoy\" width=\"300\" height=\"273\" srcset=\"https:\/\/observatoriodaimprensa.net\/wp-content\/uploads\/2017\/11\/edvard_munchs_the_scream_painting_uiyoy-300x273.jpg 300w, https:\/\/observatoriodaimprensa.net\/wp-content\/uploads\/2017\/11\/edvard_munchs_the_scream_painting_uiyoy.jpg 550w\" sizes=\"(max-width: 300px) 100vw, 300px\" \/><\/a><figcaption class=\"wp-caption-text\">[Pt|rmc]<\/figcaption><\/figure><strong>Domingos da Cruz<\/strong> | The present article is a consequence of a larger project, originally titled \u201cThe Madman as a Cartesian Victim and the Inflection of Thought for the Rescue of his Citizenship\u201d.<\/p>\n<p>According to the referential frame of Cartesian rationality, does the madman think? If one admits that the madman does not think according to the standard of <em>cogito, ergo sum <\/em>\u2014 I think, therefore I am, perhaps this might translate into consequences in his exercise of citizenship. For instance, his social and political invisibility, the negation of the right of recognition due to the overvaluing of reason by Ren\u00e9 Descartes.<\/p>\n<p>This text will confront the psychiatric and psychotherapeutic concepts of the madman and the Cartesian defense of the process of thought as an <em>a priori <\/em>condition for existence. The madman is here categorized as one who loses the notion of reality as a consequence of mental disturbances originating from multiple factors.<\/p>\n<p>The contribution of Descartes in the history of thought allowed for a radical change of paradigm: from Middle Ages to modernity. From God as a starting point and referential of creativity to man as center of reality, translated into the philosophy of subject. The corollary of Cartesian philosophy is not reduced to the previous categories. It has influenced several western thinkers.<\/p>\n<p>These are the consequences of the overvaluing of the gnoseological statement as a starting point to the edification of his philosophy. We intend to identify and understand another consequence: the negation of the humanity of the madman, of his existence, and consequentially of his exercising of citizenship, about which there seems to be no literature.<\/p>\n<p>The nullity of the madman as a person and as a political \/ social entity can be confirmed by the following Cartesian reasoning: \u201c[&#8230;] If I had stopped thinking, even though all other objects I once had imagined actually existed, there would had been no reason to believe I exist\u201d, that is, all that thinks is or exists. The existence of corporeity (<em>res extensa<\/em>), or the whole man, presupposes <em>res cogitans<\/em>.<\/p>\n<p>Although there may be an epistemological backbone of mind sciences that demonstrated that, in spite his state of madness, an individual thinks or has a minimum of rationality, it nevertheless seems that this reasonability does not answer the demands of permanent methodical doubt; the rules of method as correct expression of one who conducts his spiritual faculties with lucidity and mastery.<\/p>\n<p>Having Descartes\u2019 statement as a background, according to which a human being <em>is<\/em> what he thinks, without thinking man <em>is not. <\/em>This statement raises the following issues: does a madman doubt according to the demands of Cartesian thought? Is the madman aware of himself? The only certainty from which one can build arguments is the <em>cogito. <\/em>Does the madman possess this certainty? Is the madman able to impose rules on himself for the proper conduction of his thinking activity? Or yet, is he able to submit himself to the four rules of the method? If the answers to these questions are negative, this will allow us to understand why society treats the madman in a negative or indifferent manner. Negative answers nullify the madman in Descartes\u2019 framework, which would mean that he does not think, therefore he does not exist, and therefore he cannot be the subject of any human action.<\/p>\n<p>What the present article aims to understand, and it seems relevant, is the relation between the madman and his citizenship. The citizenship in which we intend to integrate the madman is the one postulated and theorized by the liberal school, in its strait relation with <em>jusnaturalism. <\/em><\/p>\n<p><figure id=\"attachment_1829\" class=\"wp-caption alignleft\" style=\"width: 300px\"><a href=\"http:\/\/observatoriodaimprensa.net\/wp-content\/uploads\/2017\/11\/maxresdefault.jpg\"><img class=\"wp-image-1829 size-medium\" src=\"http:\/\/observatoriodaimprensa.net\/wp-content\/uploads\/2017\/11\/maxresdefault-300x169.jpg\" alt=\"maxresdefault\" width=\"300\" height=\"169\" srcset=\"https:\/\/observatoriodaimprensa.net\/wp-content\/uploads\/2017\/11\/maxresdefault-300x169.jpg 300w, https:\/\/observatoriodaimprensa.net\/wp-content\/uploads\/2017\/11\/maxresdefault-1024x576.jpg 1024w, https:\/\/observatoriodaimprensa.net\/wp-content\/uploads\/2017\/11\/maxresdefault.jpg 1280w\" sizes=\"(max-width: 300px) 100vw, 300px\" \/><\/a><figcaption class=\"wp-caption-text\">[Pt|rmc]<\/figcaption><\/figure>This task suspects that the anthropological and gnoseological conception of Descartes has led to the disregard of the body and the divinization of reason, and as a consequence the indifferent treatment of the madman, the negation of his existence and further still his political and social exile. This intuition can be sustained in the following propositions, uttered in common environments: \u201cif I think, I can\u2019t be mad\u201d, \u201cbeing mad? That\u2019s no life\u201d, \u201cI\u2019d sooner be dead than mad\u201d, \u201ca mad person is worth nothing\u201d. Such judgements express the devaluation of the madman, but also express the praise of reason in an indirect manner. This cultural environment, alive and infused until our day and age, must have some influent, responsible thinker. One assumes him to be Descartes, although perhaps he might not have predicted this and other consequences from his thought.<\/p>\n<p>Russell comments that the Cartesian conception of the process of thought is quite broad. That is why this project assumes that this structure of thought does not include the madman. Here the madman is on the margin, does not exist, as Descartes himself seems to suggest: \u201cWhy is <em>cogito <\/em>so evident? I have concluded that it is because it is clear and distinct. [\u2026]. True is all that we conceive very clear and distinctly\u201d. Can the madman use his reason in the frame where all is clear, distinct, passible of being object of doubt, understood, negated, affirmed, conceived, imagined and felt?<\/p>\n<p>If there is thinking that is able to demonstrate that the reasoning of the madman finds no shelter in the Cartesian scheme of thought process, then perhaps this philosophy of the subject is really a key factor in the situation into which society puts the madman in our days: in invisibility, in isolation, in definite negation of his being.<\/p>\n<p>In face of this hypothetical frame into which Descartes, as a consequence of his thought, has put the madman, it seems that the jusnaturalistic principle of Kant \u2014 according to which man is an end on itself, regardless of the accidents he might carry along his personal history \u2014 might contribute to rescuing the citizenship of the madman, with all of the consequences which derive from this general category: personal identity, recognition, right to integration, humanized treatment.<\/p>\n<p>It seems that Cartesianism has put the madman in this condition of non-being because the reason it postulates is mathematical, it is for what is effective and useful. According to the categories of efficacy and usefulness as they are conceived, no contribution can be expected from the madman. Nevertheless, an approach from another perspective can help understand the importance of those who have lost the notion of reality due to mental disorder. The madman is important. Were he not, I would not know that I am not mad.<\/p>\n  <div class=\"related-post grid\">\r\n        <div class=\"headline\">RELACIONADOS:<\/div>\r\n    <div class=\"post-list \">\r\n\r\n            <div class=\"item\">\r\n            <div class=\"thumb post_thumb\">\r\n    <a  title=\"Urban youth activism and the peace process in Angola\" href=\"https:\/\/observatoriodaimprensa.net\/en\/urban-youth-activism-peace-process-angola-2\/\">\r\n\r\n      <img width=\"364\" height=\"245\" src=\"https:\/\/observatoriodaimprensa.net\/wp-content\/uploads\/2015\/01\/Revus-364x245.jpg\" class=\"attachment-nb1-thumb size-nb1-thumb wp-post-image\" alt=\"\" srcset=\"https:\/\/observatoriodaimprensa.net\/wp-content\/uploads\/2015\/01\/Revus-364x245.jpg 364w, https:\/\/observatoriodaimprensa.net\/wp-content\/uploads\/2015\/01\/Revus-274x183.jpg 274w, https:\/\/observatoriodaimprensa.net\/wp-content\/uploads\/2015\/01\/Revus-80x54.jpg 80w, https:\/\/observatoriodaimprensa.net\/wp-content\/uploads\/2015\/01\/Revus-130x87.jpg 130w, https:\/\/observatoriodaimprensa.net\/wp-content\/uploads\/2015\/01\/Revus-85x57.jpg 85w, https:\/\/observatoriodaimprensa.net\/wp-content\/uploads\/2015\/01\/Revus-266x179.jpg 266w, https:\/\/observatoriodaimprensa.net\/wp-content\/uploads\/2015\/01\/Revus-347x233.jpg 347w, https:\/\/observatoriodaimprensa.net\/wp-content\/uploads\/2015\/01\/Revus-112x75.jpg 112w, https:\/\/observatoriodaimprensa.net\/wp-content\/uploads\/2015\/01\/Revus-179x120.jpg 179w, https:\/\/observatoriodaimprensa.net\/wp-content\/uploads\/2015\/01\/Revus-170x113.jpg 170w, https:\/\/observatoriodaimprensa.net\/wp-content\/uploads\/2015\/01\/Revus-81x55.jpg 81w\" sizes=\"(max-width: 364px) 100vw, 364px\" \/>\r\n\r\n    <\/a>\r\n  <\/div>\r\n\r\n  <a class=\"title post_title\"  title=\"Urban youth activism and the peace process in Angola\" href=\"https:\/\/observatoriodaimprensa.net\/en\/urban-youth-activism-peace-process-angola-2\/\">\r\n        Urban youth activism and the peace process in Angola  <\/a>\r\n\r\n  <p class=\"excerpt post_excerpt\">\r\n     [F\/ rmc].Angolan Youth Activism_full text in\u00a0Pdf \u00a0By Florindo Chivucute || For decades, Angolan youth were recruited by both the Angolan\u2019s Armed Forces (FAA) and the National <a class=\"read-more\" href=\"https:\/\/observatoriodaimprensa.net\/en\/urban-youth-activism-peace-process-angola-2\/\"> Leia mais<\/a>  <\/p>\r\n        <\/div>\r\n              <div class=\"item\">\r\n            <div class=\"thumb post_thumb\">\r\n    <a  title=\"The madman as a victim of Descartes\" href=\"https:\/\/observatoriodaimprensa.net\/en\/english-the-madman-as-a-victim-of-descartes\/\">\r\n\r\n      <img width=\"364\" height=\"245\" src=\"https:\/\/observatoriodaimprensa.net\/wp-content\/uploads\/2017\/11\/600x350-364x245.jpg\" class=\"attachment-nb1-thumb size-nb1-thumb wp-post-image\" alt=\"\" srcset=\"https:\/\/observatoriodaimprensa.net\/wp-content\/uploads\/2017\/11\/600x350-364x245.jpg 364w, https:\/\/observatoriodaimprensa.net\/wp-content\/uploads\/2017\/11\/600x350-274x183.jpg 274w, https:\/\/observatoriodaimprensa.net\/wp-content\/uploads\/2017\/11\/600x350-80x54.jpg 80w, https:\/\/observatoriodaimprensa.net\/wp-content\/uploads\/2017\/11\/600x350-130x87.jpg 130w, https:\/\/observatoriodaimprensa.net\/wp-content\/uploads\/2017\/11\/600x350-85x57.jpg 85w, https:\/\/observatoriodaimprensa.net\/wp-content\/uploads\/2017\/11\/600x350-266x179.jpg 266w, https:\/\/observatoriodaimprensa.net\/wp-content\/uploads\/2017\/11\/600x350-347x233.jpg 347w, https:\/\/observatoriodaimprensa.net\/wp-content\/uploads\/2017\/11\/600x350-112x75.jpg 112w, https:\/\/observatoriodaimprensa.net\/wp-content\/uploads\/2017\/11\/600x350-179x120.jpg 179w, https:\/\/observatoriodaimprensa.net\/wp-content\/uploads\/2017\/11\/600x350-170x113.jpg 170w, https:\/\/observatoriodaimprensa.net\/wp-content\/uploads\/2017\/11\/600x350-81x55.jpg 81w\" sizes=\"(max-width: 364px) 100vw, 364px\" \/>\r\n\r\n    <\/a>\r\n  <\/div>\r\n\r\n  <a class=\"title post_title\"  title=\"The madman as a victim of Descartes\" href=\"https:\/\/observatoriodaimprensa.net\/en\/english-the-madman-as-a-victim-of-descartes\/\">\r\n        The madman as a victim of Descartes  <\/a>\r\n\r\n  <p class=\"excerpt post_excerpt\">\r\n     [Pt|rmc]Domingos da Cruz | The present article is a consequence of a larger project, originally titled \u201cThe Madman as a Cartesian Victim and the Inflection of <a class=\"read-more\" href=\"https:\/\/observatoriodaimprensa.net\/en\/english-the-madman-as-a-victim-of-descartes\/\"> Leia mais<\/a>  <\/p>\r\n        <\/div>\r\n      \r\n  <\/div>\r\n\r\n  <script>\r\n      <\/script>\r\n  <style>\r\n    .related-post {}\r\n\r\n    .related-post .post-list {\r\n      text-align: left;\r\n          }\r\n\r\n    .related-post .post-list .item {\r\n      margin: 10px;\r\n      padding: 0px;\r\n          }\r\n\r\n    .related-post .headline {\r\n      font-size: 18px !important;\r\n      color: #000000 !important;\r\n          }\r\n\r\n    .related-post .post-list .item .post_thumb {\r\n      max-height: 220px;\r\n      margin: 10px 0px;\r\n      padding: 0px;\r\n      display: block;\r\n          }\r\n\r\n    .related-post .post-list .item .post_title {\r\n      font-size: 18px;\r\n      color: #000000;\r\n      margin: 10px 0px;\r\n      padding: 5px;\r\n      display: block;\r\n      text-decoration: none;\r\n          }\r\n\r\n    .related-post .post-list .item .post_excerpt {\r\n      font-size: 13px;\r\n      color: #3f3f3f;\r\n      margin: 10px 0px;\r\n      padding: 0px;\r\n      display: block;\r\n      text-decoration: none;\r\n          }\r\n\r\n    @media only screen and (min-width: 1024px) {\r\n      .related-post .post-list .item {\r\n        width: 30%;\r\n      }\r\n    }\r\n\r\n    @media only screen and (min-width: 768px) and (max-width: 1023px) {\r\n      .related-post .post-list .item {\r\n        width: 90%;\r\n      }\r\n    }\r\n\r\n    @media only screen and (min-width: 0px) and (max-width: 767px) {\r\n      .related-post .post-list .item {\r\n        width: 90%;\r\n      }\r\n    }\r\n\r\n      <\/style>\r\n    <\/div>","protected":false},"excerpt":{"rendered":"<p>Domingos da Cruz | The present article is a consequence of a larger project, originally titled \u201cThe Madman as a Cartesian Victim and the Inflection of Thought for the Rescue of his Citizenship\u201d. According to the referential frame of Cartesian rationality, does the madman think? If one admits that the madman does not think according &#8230;<\/p>\n","protected":false},"author":2,"featured_media":1836,"comment_status":"open","ping_status":"open","sticky":false,"template":"","format":"standard","meta":[],"categories":[70,25,35,12],"tags":[],"yoast_head":"<!-- This site is optimized with the Yoast SEO plugin v16.7 - https:\/\/yoast.com\/wordpress\/plugins\/seo\/ -->\n<title>The madman as a victim of Descartes - Observat\u00f3rio da imprensa<\/title>\n<meta name=\"robots\" content=\"index, follow, max-snippet:-1, max-image-preview:large, max-video-preview:-1\" \/>\n<link rel=\"canonical\" href=\"https:\/\/observatoriodaimprensa.net\/en\/english-the-madman-as-a-victim-of-descartes\/\" \/>\n<meta property=\"og:locale\" content=\"en_US\" \/>\n<meta property=\"og:type\" content=\"article\" \/>\n<meta property=\"og:title\" content=\"The madman as a victim of Descartes - Observat\u00f3rio da imprensa\" \/>\n<meta property=\"og:description\" content=\"Domingos da Cruz | The present article is a consequence of a larger project, originally titled \u201cThe Madman as a Cartesian Victim and the Inflection of Thought for the Rescue of his Citizenship\u201d. According to the referential frame of Cartesian rationality, does the madman think? If one admits that the madman does not think according ...\" \/>\n<meta property=\"og:url\" content=\"https:\/\/observatoriodaimprensa.net\/en\/english-the-madman-as-a-victim-of-descartes\/\" \/>\n<meta property=\"og:site_name\" content=\"Observat\u00f3rio da imprensa\" \/>\n<meta property=\"article:published_time\" content=\"2017-11-04T23:07:01+00:00\" \/>\n<meta property=\"article:modified_time\" content=\"2019-09-13T02:10:07+00:00\" \/>\n<meta property=\"og:image\" content=\"https:\/\/observatoriodaimprensa.net\/wp-content\/uploads\/2017\/11\/600x350.jpg\" \/>\n\t<meta property=\"og:image:width\" content=\"600\" \/>\n\t<meta property=\"og:image:height\" content=\"350\" \/>\n<meta name=\"twitter:label1\" content=\"Written by\" \/>\n\t<meta name=\"twitter:data1\" content=\"OI\" \/>\n\t<meta name=\"twitter:label2\" content=\"Est. reading time\" \/>\n\t<meta name=\"twitter:data2\" content=\"5 minutes\" \/>\n<script type=\"application\/ld+json\" class=\"yoast-schema-graph\">{\"@context\":\"https:\/\/schema.org\",\"@graph\":[{\"@type\":\"WebSite\",\"@id\":\"https:\/\/observatoriodaimprensa.net\/#website\",\"url\":\"https:\/\/observatoriodaimprensa.net\/\",\"name\":\"Observat\\u00f3rio da imprensa\",\"description\":\"\",\"potentialAction\":[{\"@type\":\"SearchAction\",\"target\":{\"@type\":\"EntryPoint\",\"urlTemplate\":\"https:\/\/observatoriodaimprensa.net\/?s={search_term_string}\"},\"query-input\":\"required name=search_term_string\"}],\"inLanguage\":\"en-US\"},{\"@type\":\"ImageObject\",\"@id\":\"https:\/\/observatoriodaimprensa.net\/en\/english-the-madman-as-a-victim-of-descartes\/#primaryimage\",\"inLanguage\":\"en-US\",\"url\":\"https:\/\/observatoriodaimprensa.net\/wp-content\/uploads\/2017\/11\/600x350.jpg\",\"contentUrl\":\"https:\/\/observatoriodaimprensa.net\/wp-content\/uploads\/2017\/11\/600x350.jpg\",\"width\":600,\"height\":350},{\"@type\":\"WebPage\",\"@id\":\"https:\/\/observatoriodaimprensa.net\/en\/english-the-madman-as-a-victim-of-descartes\/#webpage\",\"url\":\"https:\/\/observatoriodaimprensa.net\/en\/english-the-madman-as-a-victim-of-descartes\/\",\"name\":\"The madman as a victim of Descartes - Observat\\u00f3rio da imprensa\",\"isPartOf\":{\"@id\":\"https:\/\/observatoriodaimprensa.net\/#website\"},\"primaryImageOfPage\":{\"@id\":\"https:\/\/observatoriodaimprensa.net\/en\/english-the-madman-as-a-victim-of-descartes\/#primaryimage\"},\"datePublished\":\"2017-11-04T23:07:01+00:00\",\"dateModified\":\"2019-09-13T02:10:07+00:00\",\"author\":{\"@id\":\"https:\/\/observatoriodaimprensa.net\/#\/schema\/person\/91ffb291eefe6573f35f382bdeebea62\"},\"breadcrumb\":{\"@id\":\"https:\/\/observatoriodaimprensa.net\/en\/english-the-madman-as-a-victim-of-descartes\/#breadcrumb\"},\"inLanguage\":\"en-US\",\"potentialAction\":[{\"@type\":\"ReadAction\",\"target\":[\"https:\/\/observatoriodaimprensa.net\/en\/english-the-madman-as-a-victim-of-descartes\/\"]}]},{\"@type\":\"BreadcrumbList\",\"@id\":\"https:\/\/observatoriodaimprensa.net\/en\/english-the-madman-as-a-victim-of-descartes\/#breadcrumb\",\"itemListElement\":[{\"@type\":\"ListItem\",\"position\":1,\"name\":\"In\\u00edcio\",\"item\":\"https:\/\/observatoriodaimprensa.net\/\"},{\"@type\":\"ListItem\",\"position\":2,\"name\":\"The madman as a victim of Descartes\"}]},{\"@type\":\"Person\",\"@id\":\"https:\/\/observatoriodaimprensa.net\/#\/schema\/person\/91ffb291eefe6573f35f382bdeebea62\",\"name\":\"OI\",\"image\":{\"@type\":\"ImageObject\",\"@id\":\"https:\/\/observatoriodaimprensa.net\/#personlogo\",\"inLanguage\":\"en-US\",\"url\":\"https:\/\/secure.gravatar.com\/avatar\/714fbd1c2449a4ed0d119c20e4fddcc6?s=96&d=mm&r=g\",\"contentUrl\":\"https:\/\/secure.gravatar.com\/avatar\/714fbd1c2449a4ed0d119c20e4fddcc6?s=96&d=mm&r=g\",\"caption\":\"OI\"},\"description\":\"Domingos da Cruz \\u00e9 Graduado em Filosofia e Pedagogia pelo IDBES ( Instituto Dom Bosco de Estudos Superior-Angola) e Mestre em Ci\\u00eancias Jur\\u00eddicas-\\u00c1rea de Direitos Humanos pela Universidade Federal da Paraiba-UFPB-Brasil. Jornalista, Escritor com seis livros publicados e vencedor do Pr\\u00e9mio Nacional de Direitos Humanos, Categoria Ricardo de Melo em 2009. Membro do (NCDH) N\\u00facleo de Cidadania e Direitos Humanos da UFPB, actuando no GT de Investiga\\u00e7\\u00e3o em Seguran\\u00e7a P\\u00fablica, Viol\\u00eancia e Direitos Humanos. \\u00c9 ainda Membro convidado do grupo de pesquisa sobre Ret\\u00f3rica e Direitos Humanos do CCJ (Centro de Ci\\u00eancias Jur\\u00eddicas). Professor de Direitos Humanos, Filosofia da Educa\\u00e7\\u00e3o e Teoria da Educa\\u00e7\\u00e3o. Foi porta-voz do Instituto para Media na Regi\\u00e3o Austral de \\u00c1frica \\u2013 MISA-Angola. Consultor de ONGs nacionais e internacionais.\",\"url\":\"https:\/\/observatoriodaimprensa.net\/en\/author\/domingos-da-cruz-maninho\/\"}]}<\/script>\n<!-- \/ Yoast SEO plugin. -->","yoast_head_json":{"title":"The madman as a victim of Descartes - Observat\u00f3rio da imprensa","robots":{"index":"index","follow":"follow","max-snippet":"max-snippet:-1","max-image-preview":"max-image-preview:large","max-video-preview":"max-video-preview:-1"},"canonical":"https:\/\/observatoriodaimprensa.net\/en\/english-the-madman-as-a-victim-of-descartes\/","og_locale":"en_US","og_type":"article","og_title":"The madman as a victim of Descartes - Observat\u00f3rio da imprensa","og_description":"Domingos da Cruz | The present article is a consequence of a larger project, originally titled \u201cThe Madman as a Cartesian Victim and the Inflection of Thought for the Rescue of his Citizenship\u201d. According to the referential frame of Cartesian rationality, does the madman think? If one admits that the madman does not think according ...","og_url":"https:\/\/observatoriodaimprensa.net\/en\/english-the-madman-as-a-victim-of-descartes\/","og_site_name":"Observat\u00f3rio da imprensa","article_published_time":"2017-11-04T23:07:01+00:00","article_modified_time":"2019-09-13T02:10:07+00:00","og_image":[{"width":600,"height":350,"url":"https:\/\/observatoriodaimprensa.net\/wp-content\/uploads\/2017\/11\/600x350.jpg","path":"\/home1\/observ58\/public_html\/wp-content\/uploads\/2017\/11\/600x350.jpg","size":"full","id":1836,"alt":"","pixels":210000,"type":"image\/jpeg"}],"twitter_misc":{"Written by":"OI","Est. reading time":"5 minutes"},"schema":{"@context":"https:\/\/schema.org","@graph":[{"@type":"WebSite","@id":"https:\/\/observatoriodaimprensa.net\/#website","url":"https:\/\/observatoriodaimprensa.net\/","name":"Observat\u00f3rio da imprensa","description":"","potentialAction":[{"@type":"SearchAction","target":{"@type":"EntryPoint","urlTemplate":"https:\/\/observatoriodaimprensa.net\/?s={search_term_string}"},"query-input":"required name=search_term_string"}],"inLanguage":"en-US"},{"@type":"ImageObject","@id":"https:\/\/observatoriodaimprensa.net\/en\/english-the-madman-as-a-victim-of-descartes\/#primaryimage","inLanguage":"en-US","url":"https:\/\/observatoriodaimprensa.net\/wp-content\/uploads\/2017\/11\/600x350.jpg","contentUrl":"https:\/\/observatoriodaimprensa.net\/wp-content\/uploads\/2017\/11\/600x350.jpg","width":600,"height":350},{"@type":"WebPage","@id":"https:\/\/observatoriodaimprensa.net\/en\/english-the-madman-as-a-victim-of-descartes\/#webpage","url":"https:\/\/observatoriodaimprensa.net\/en\/english-the-madman-as-a-victim-of-descartes\/","name":"The madman as a victim of Descartes - Observat\u00f3rio da imprensa","isPartOf":{"@id":"https:\/\/observatoriodaimprensa.net\/#website"},"primaryImageOfPage":{"@id":"https:\/\/observatoriodaimprensa.net\/en\/english-the-madman-as-a-victim-of-descartes\/#primaryimage"},"datePublished":"2017-11-04T23:07:01+00:00","dateModified":"2019-09-13T02:10:07+00:00","author":{"@id":"https:\/\/observatoriodaimprensa.net\/#\/schema\/person\/91ffb291eefe6573f35f382bdeebea62"},"breadcrumb":{"@id":"https:\/\/observatoriodaimprensa.net\/en\/english-the-madman-as-a-victim-of-descartes\/#breadcrumb"},"inLanguage":"en-US","potentialAction":[{"@type":"ReadAction","target":["https:\/\/observatoriodaimprensa.net\/en\/english-the-madman-as-a-victim-of-descartes\/"]}]},{"@type":"BreadcrumbList","@id":"https:\/\/observatoriodaimprensa.net\/en\/english-the-madman-as-a-victim-of-descartes\/#breadcrumb","itemListElement":[{"@type":"ListItem","position":1,"name":"In\u00edcio","item":"https:\/\/observatoriodaimprensa.net\/"},{"@type":"ListItem","position":2,"name":"The madman as a victim of Descartes"}]},{"@type":"Person","@id":"https:\/\/observatoriodaimprensa.net\/#\/schema\/person\/91ffb291eefe6573f35f382bdeebea62","name":"OI","image":{"@type":"ImageObject","@id":"https:\/\/observatoriodaimprensa.net\/#personlogo","inLanguage":"en-US","url":"https:\/\/secure.gravatar.com\/avatar\/714fbd1c2449a4ed0d119c20e4fddcc6?s=96&d=mm&r=g","contentUrl":"https:\/\/secure.gravatar.com\/avatar\/714fbd1c2449a4ed0d119c20e4fddcc6?s=96&d=mm&r=g","caption":"OI"},"description":"Domingos da Cruz \u00e9 Graduado em Filosofia e Pedagogia pelo IDBES ( Instituto Dom Bosco de Estudos Superior-Angola) e Mestre em Ci\u00eancias Jur\u00eddicas-\u00c1rea de Direitos Humanos pela Universidade Federal da Paraiba-UFPB-Brasil. Jornalista, Escritor com seis livros publicados e vencedor do Pr\u00e9mio Nacional de Direitos Humanos, Categoria Ricardo de Melo em 2009. Membro do (NCDH) N\u00facleo de Cidadania e Direitos Humanos da UFPB, actuando no GT de Investiga\u00e7\u00e3o em Seguran\u00e7a P\u00fablica, Viol\u00eancia e Direitos Humanos. \u00c9 ainda Membro convidado do grupo de pesquisa sobre Ret\u00f3rica e Direitos Humanos do CCJ (Centro de Ci\u00eancias Jur\u00eddicas). Professor de Direitos Humanos, Filosofia da Educa\u00e7\u00e3o e Teoria da Educa\u00e7\u00e3o. Foi porta-voz do Instituto para Media na Regi\u00e3o Austral de \u00c1frica \u2013 MISA-Angola. Consultor de ONGs nacionais e internacionais.","url":"https:\/\/observatoriodaimprensa.net\/en\/author\/domingos-da-cruz-maninho\/"}]}},"_links":{"self":[{"href":"https:\/\/observatoriodaimprensa.net\/en\/wp-json\/wp\/v2\/posts\/1826"}],"collection":[{"href":"https:\/\/observatoriodaimprensa.net\/en\/wp-json\/wp\/v2\/posts"}],"about":[{"href":"https:\/\/observatoriodaimprensa.net\/en\/wp-json\/wp\/v2\/types\/post"}],"author":[{"embeddable":true,"href":"https:\/\/observatoriodaimprensa.net\/en\/wp-json\/wp\/v2\/users\/2"}],"replies":[{"embeddable":true,"href":"https:\/\/observatoriodaimprensa.net\/en\/wp-json\/wp\/v2\/comments?post=1826"}],"version-history":[{"count":2,"href":"https:\/\/observatoriodaimprensa.net\/en\/wp-json\/wp\/v2\/posts\/1826\/revisions"}],"predecessor-version":[{"id":1830,"href":"https:\/\/observatoriodaimprensa.net\/en\/wp-json\/wp\/v2\/posts\/1826\/revisions\/1830"}],"wp:featuredmedia":[{"embeddable":true,"href":"https:\/\/observatoriodaimprensa.net\/en\/wp-json\/wp\/v2\/media\/1836"}],"wp:attachment":[{"href":"https:\/\/observatoriodaimprensa.net\/en\/wp-json\/wp\/v2\/media?parent=1826"}],"wp:term":[{"taxonomy":"category","embeddable":true,"href":"https:\/\/observatoriodaimprensa.net\/en\/wp-json\/wp\/v2\/categories?post=1826"},{"taxonomy":"post_tag","embeddable":true,"href":"https:\/\/observatoriodaimprensa.net\/en\/wp-json\/wp\/v2\/tags?post=1826"}],"curies":[{"name":"wp","href":"https:\/\/api.w.org\/{rel}","templated":true}]}}