{"id":1831,"date":"2017-11-04T23:33:39","date_gmt":"2017-11-04T23:33:39","guid":{"rendered":"http:\/\/observatoriodaimprensa.net\/?p=1831"},"modified":"2019-09-13T02:09:53","modified_gmt":"2019-09-13T02:09:53","slug":"english-symbolic-power-and-the-future-of-opposition","status":"publish","type":"post","link":"https:\/\/observatoriodaimprensa.net\/en\/english-symbolic-power-and-the-future-of-opposition\/","title":{"rendered":"Symbolic power and the future of opposition"},"content":{"rendered":"<p><figure id=\"attachment_1832\" class=\"wp-caption alignright\" style=\"width: 300px\"><a href=\"http:\/\/observatoriodaimprensa.net\/wp-content\/uploads\/2017\/11\/20840612_1960655138577_n.jpg\"><img class=\"wp-image-1832 size-medium\" src=\"http:\/\/observatoriodaimprensa.net\/wp-content\/uploads\/2017\/11\/20840612_1960655138577_n-300x225.jpg\" alt=\"20840612_1960655138577_n\" width=\"300\" height=\"225\" srcset=\"https:\/\/observatoriodaimprensa.net\/wp-content\/uploads\/2017\/11\/20840612_1960655138577_n-300x225.jpg 300w, https:\/\/observatoriodaimprensa.net\/wp-content\/uploads\/2017\/11\/20840612_1960655138577_n.jpg 960w\" sizes=\"(max-width: 300px) 100vw, 300px\" \/><\/a><figcaption class=\"wp-caption-text\">[Pt|rmc]<\/figcaption><\/figure><strong>Domingos da Cruz |<\/strong> Symbolic power cannot be associated with an idea of power built upon money, military power, witchcraft, cruelty or any other aspect related to materiality. Symbolic power may be understood through existential examples. However, the comprehension of the role, influence and concept of symbolic power is not possible for people who are morally decadent or find themselves guttered in amorality; people who have no enthusiasm for humanity, nor civilizational refinement (not in the ethnological sense, but in accordance with the principles of \u201cminimal universal morality\u201d, as described by Spanish philosopher Adela Cortina).<\/p>\n<p>Some celebrities carry symbolic power as an extension of the institution to which they belong. It takes a lot of effort from most people to build this power; they may suffer privation and overcome difficulties in ways that seem ultra-human. An example of a public persona whose symbolic power does not require effort is the Pope. This is due to the symbolism of the institution over which he rules. Such symbolism personifies itself almost automatically.<\/p>\n<p>It is clear that this was not the case of Martin Luther King, nor of Thomas Sankara, or so many other \u201crighteous\u201d men that the world has known. For them, the symbolic power they possess was built upon effort. Some have paid with their lives. Both the ones who have built symbolic capital with their blood, sweat, and tears, as well as the ones who have reached it by force of institutional symbolic transfer can lose such power. It all depends on discourse and trajectory.<\/p>\n<p>When the Pope speaks, his words are full of symbolic power. He is capable of exerting great influence, leadership. Forget the concept of symbolic as less effective in the transformation of reality. A book that advertises non-violence can have high rates of success. However, books are made of linguistic symbols through which the author exerts symbolic power upon people and societies. With all the literary tradition, symbolic of course, about libertarianism and liberalism, it was possible to mold the world with what is nowadays called democracy and free market.<\/p>\n<p>In the field of business, in those societies where there is a high standard of ethics, the most successful companies are the ones that can better establish a relationship based on confidence, offering personalized costumer service. Why is it so? Because they are built upon symbolic power. They attract clients not only because of the goods and services they offer, but also because of the added value when selling good. To sum up, they are marked by the minimal morality.<\/p>\n<p>Why do so many people around the world have respect for Nelson Mandela? The answer is simple: he carries symbolic power. Mandela never owned a bank, a petroleum refinery, a gold mine, a telecommunications company nor any other asset worth billions in order to purchase people\u2019s applause.<\/p>\n<p><figure id=\"attachment_1834\" class=\"wp-caption alignleft\" style=\"width: 300px\"><a href=\"http:\/\/observatoriodaimprensa.net\/wp-content\/uploads\/2017\/11\/16211883_303.jpg\"><img class=\"wp-image-1834 size-medium\" src=\"http:\/\/observatoriodaimprensa.net\/wp-content\/uploads\/2017\/11\/16211883_303-300x169.jpg\" alt=\"16211883_303\" width=\"300\" height=\"169\" srcset=\"https:\/\/observatoriodaimprensa.net\/wp-content\/uploads\/2017\/11\/16211883_303-300x169.jpg 300w, https:\/\/observatoriodaimprensa.net\/wp-content\/uploads\/2017\/11\/16211883_303.jpg 700w\" sizes=\"(max-width: 300px) 100vw, 300px\" \/><\/a><figcaption class=\"wp-caption-text\">[Pt|rmc]<\/figcaption><\/figure>Amazingly enough, it is not money, nor oil, nor coltan that shapes societies. What shapes societies are men and women with symbolic power; men with passion for morality. This fierce exercise of morality, courage and intelligence attracts people like a magnet. This way society is shaped by good.<\/p>\n<p>Let us come back to Mandela. His namesake foundation has an interesting project. They manufacture shirts and t-shirts, some in the style Mandela favored, and others with his prisoner number, as well as many other objects with the Madiba brand. They attract millions of customers around the world. Who forces people to buy them? Do they buy them because they are beautiful like other fashion products that abound all around the world? No! People buy them because Mandela represents leadership, symbolic capital, an elevation of civilizational standards, because he is an example of humanity and sensitivity.<\/p>\n<p>What relationship can thus be established between the future of \u201cbusiness- opposition\u201d and symbolic capital? Its future, whether promising or poor, will depend on the position taken face to the reality of the subversion of popular will on elections. It is up to the \u201cbusiness-opposition\u201d to choose between symbolic capital and the <em>LX 570 Lexus.<\/em><\/p>\n<p>Those who shape the world and shape our lives are women and men with courage, intelligence, creativity and boldness in all fields: science, arts, sports and politics. Do we have these people in the Angolan political scene?<\/p>\n<p>&nbsp;<\/p>\n  <div class=\"related-post grid\">\r\n        <div class=\"headline\">RELACIONADOS:<\/div>\r\n    <div class=\"post-list \">\r\n\r\n            <div class=\"item\">\r\n            <div class=\"thumb post_thumb\">\r\n    <a  title=\"Urban youth activism and the peace process in Angola\" href=\"https:\/\/observatoriodaimprensa.net\/en\/urban-youth-activism-peace-process-angola-2\/\">\r\n\r\n      <img width=\"364\" height=\"245\" src=\"https:\/\/observatoriodaimprensa.net\/wp-content\/uploads\/2015\/01\/Revus-364x245.jpg\" class=\"attachment-nb1-thumb size-nb1-thumb wp-post-image\" alt=\"\" srcset=\"https:\/\/observatoriodaimprensa.net\/wp-content\/uploads\/2015\/01\/Revus-364x245.jpg 364w, https:\/\/observatoriodaimprensa.net\/wp-content\/uploads\/2015\/01\/Revus-274x183.jpg 274w, https:\/\/observatoriodaimprensa.net\/wp-content\/uploads\/2015\/01\/Revus-80x54.jpg 80w, https:\/\/observatoriodaimprensa.net\/wp-content\/uploads\/2015\/01\/Revus-130x87.jpg 130w, https:\/\/observatoriodaimprensa.net\/wp-content\/uploads\/2015\/01\/Revus-85x57.jpg 85w, https:\/\/observatoriodaimprensa.net\/wp-content\/uploads\/2015\/01\/Revus-266x179.jpg 266w, https:\/\/observatoriodaimprensa.net\/wp-content\/uploads\/2015\/01\/Revus-347x233.jpg 347w, https:\/\/observatoriodaimprensa.net\/wp-content\/uploads\/2015\/01\/Revus-112x75.jpg 112w, https:\/\/observatoriodaimprensa.net\/wp-content\/uploads\/2015\/01\/Revus-179x120.jpg 179w, https:\/\/observatoriodaimprensa.net\/wp-content\/uploads\/2015\/01\/Revus-170x113.jpg 170w, https:\/\/observatoriodaimprensa.net\/wp-content\/uploads\/2015\/01\/Revus-81x55.jpg 81w\" sizes=\"(max-width: 364px) 100vw, 364px\" \/>\r\n\r\n    <\/a>\r\n  <\/div>\r\n\r\n  <a class=\"title post_title\"  title=\"Urban youth activism and the peace process in Angola\" href=\"https:\/\/observatoriodaimprensa.net\/en\/urban-youth-activism-peace-process-angola-2\/\">\r\n        Urban youth activism and the peace process in Angola  <\/a>\r\n\r\n  <p class=\"excerpt post_excerpt\">\r\n     [F\/ rmc].Angolan Youth Activism_full text in\u00a0Pdf \u00a0By Florindo Chivucute || For decades, Angolan youth were recruited by both the Angolan\u2019s Armed Forces (FAA) and the National <a class=\"read-more\" href=\"https:\/\/observatoriodaimprensa.net\/en\/urban-youth-activism-peace-process-angola-2\/\"> Leia mais<\/a>  <\/p>\r\n        <\/div>\r\n              <div class=\"item\">\r\n            <div class=\"thumb post_thumb\">\r\n    <a  title=\"Symbolic power and the future of opposition\" href=\"https:\/\/observatoriodaimprensa.net\/en\/english-symbolic-power-and-the-future-of-opposition\/\">\r\n\r\n      <img width=\"364\" height=\"245\" src=\"https:\/\/observatoriodaimprensa.net\/wp-content\/uploads\/2017\/11\/20840612_1960655138577_n-364x245.jpg\" class=\"attachment-nb1-thumb size-nb1-thumb wp-post-image\" alt=\"\" srcset=\"https:\/\/observatoriodaimprensa.net\/wp-content\/uploads\/2017\/11\/20840612_1960655138577_n-364x245.jpg 364w, https:\/\/observatoriodaimprensa.net\/wp-content\/uploads\/2017\/11\/20840612_1960655138577_n-274x183.jpg 274w, https:\/\/observatoriodaimprensa.net\/wp-content\/uploads\/2017\/11\/20840612_1960655138577_n-80x54.jpg 80w, https:\/\/observatoriodaimprensa.net\/wp-content\/uploads\/2017\/11\/20840612_1960655138577_n-130x87.jpg 130w, https:\/\/observatoriodaimprensa.net\/wp-content\/uploads\/2017\/11\/20840612_1960655138577_n-85x57.jpg 85w, https:\/\/observatoriodaimprensa.net\/wp-content\/uploads\/2017\/11\/20840612_1960655138577_n-266x179.jpg 266w, https:\/\/observatoriodaimprensa.net\/wp-content\/uploads\/2017\/11\/20840612_1960655138577_n-347x233.jpg 347w, https:\/\/observatoriodaimprensa.net\/wp-content\/uploads\/2017\/11\/20840612_1960655138577_n-112x75.jpg 112w, https:\/\/observatoriodaimprensa.net\/wp-content\/uploads\/2017\/11\/20840612_1960655138577_n-179x120.jpg 179w, https:\/\/observatoriodaimprensa.net\/wp-content\/uploads\/2017\/11\/20840612_1960655138577_n-170x113.jpg 170w, https:\/\/observatoriodaimprensa.net\/wp-content\/uploads\/2017\/11\/20840612_1960655138577_n-81x55.jpg 81w\" sizes=\"(max-width: 364px) 100vw, 364px\" \/>\r\n\r\n    <\/a>\r\n  <\/div>\r\n\r\n  <a class=\"title post_title\"  title=\"Symbolic power and the future of opposition\" href=\"https:\/\/observatoriodaimprensa.net\/en\/english-symbolic-power-and-the-future-of-opposition\/\">\r\n        Symbolic power and the future of opposition  <\/a>\r\n\r\n  <p class=\"excerpt post_excerpt\">\r\n     [Pt|rmc]Domingos da Cruz | Symbolic power cannot be associated with an idea of power built upon money, military power, witchcraft, cruelty or any other aspect related <a class=\"read-more\" href=\"https:\/\/observatoriodaimprensa.net\/en\/english-symbolic-power-and-the-future-of-opposition\/\"> Leia mais<\/a>  <\/p>\r\n        <\/div>\r\n      \r\n  <\/div>\r\n\r\n  <script>\r\n      <\/script>\r\n  <style>\r\n    .related-post {}\r\n\r\n    .related-post .post-list {\r\n      text-align: left;\r\n          }\r\n\r\n    .related-post .post-list .item {\r\n      margin: 10px;\r\n      padding: 0px;\r\n          }\r\n\r\n    .related-post .headline {\r\n      font-size: 18px !important;\r\n      color: #000000 !important;\r\n          }\r\n\r\n    .related-post .post-list .item .post_thumb {\r\n      max-height: 220px;\r\n      margin: 10px 0px;\r\n      padding: 0px;\r\n      display: block;\r\n          }\r\n\r\n    .related-post .post-list .item .post_title {\r\n      font-size: 18px;\r\n      color: #000000;\r\n      margin: 10px 0px;\r\n      padding: 5px;\r\n      display: block;\r\n      text-decoration: none;\r\n          }\r\n\r\n    .related-post .post-list .item .post_excerpt {\r\n      font-size: 13px;\r\n      color: #3f3f3f;\r\n      margin: 10px 0px;\r\n      padding: 0px;\r\n      display: block;\r\n      text-decoration: none;\r\n          }\r\n\r\n    @media only screen and (min-width: 1024px) {\r\n      .related-post .post-list .item {\r\n        width: 30%;\r\n      }\r\n    }\r\n\r\n    @media only screen and (min-width: 768px) and (max-width: 1023px) {\r\n      .related-post .post-list .item {\r\n        width: 90%;\r\n      }\r\n    }\r\n\r\n    @media only screen and (min-width: 0px) and (max-width: 767px) {\r\n      .related-post .post-list .item {\r\n        width: 90%;\r\n      }\r\n    }\r\n\r\n      <\/style>\r\n    <\/div>","protected":false},"excerpt":{"rendered":"<p>Domingos da Cruz | Symbolic power cannot be associated with an idea of power built upon money, military power, witchcraft, cruelty or any other aspect related to materiality. Symbolic power may be understood through existential examples. However, the comprehension of the role, influence and concept of symbolic power is not possible for people who are &#8230;<\/p>\n","protected":false},"author":2,"featured_media":1832,"comment_status":"open","ping_status":"open","sticky":false,"template":"","format":"standard","meta":[],"categories":[70,7,25,35,3],"tags":[],"yoast_head":"<!-- This site is optimized with the Yoast SEO plugin v16.7 - https:\/\/yoast.com\/wordpress\/plugins\/seo\/ -->\n<title>Symbolic power and the future of opposition - Observat\u00f3rio da imprensa<\/title>\n<meta name=\"robots\" content=\"index, follow, max-snippet:-1, max-image-preview:large, max-video-preview:-1\" \/>\n<link rel=\"canonical\" href=\"https:\/\/observatoriodaimprensa.net\/english-symbolic-power-and-the-future-of-opposition\/\" \/>\n<meta property=\"og:locale\" content=\"en_US\" \/>\n<meta property=\"og:type\" content=\"article\" \/>\n<meta property=\"og:title\" content=\"Symbolic power and the future of opposition - Observat\u00f3rio da imprensa\" \/>\n<meta property=\"og:description\" content=\"Domingos da Cruz | Symbolic power cannot be associated with an idea of power built upon money, military power, witchcraft, cruelty or any other aspect related to materiality. Symbolic power may be understood through existential examples. However, the comprehension of the role, influence and concept of symbolic power is not possible for people who are ...\" \/>\n<meta property=\"og:url\" content=\"https:\/\/observatoriodaimprensa.net\/english-symbolic-power-and-the-future-of-opposition\/\" \/>\n<meta property=\"og:site_name\" content=\"Observat\u00f3rio da imprensa\" \/>\n<meta property=\"article:published_time\" content=\"2017-11-04T23:33:39+00:00\" \/>\n<meta property=\"article:modified_time\" content=\"2019-09-13T02:09:53+00:00\" \/>\n<meta property=\"og:image\" content=\"https:\/\/observatoriodaimprensa.net\/wp-content\/uploads\/2017\/11\/20840612_1960655138577_n.jpg\" \/>\n\t<meta property=\"og:image:width\" content=\"960\" \/>\n\t<meta property=\"og:image:height\" content=\"720\" \/>\n<meta name=\"twitter:label1\" content=\"Written by\" \/>\n\t<meta name=\"twitter:data1\" content=\"OI\" \/>\n\t<meta name=\"twitter:label2\" content=\"Est. reading time\" \/>\n\t<meta name=\"twitter:data2\" content=\"4 minutes\" \/>\n<script type=\"application\/ld+json\" class=\"yoast-schema-graph\">{\"@context\":\"https:\/\/schema.org\",\"@graph\":[{\"@type\":\"WebSite\",\"@id\":\"https:\/\/observatoriodaimprensa.net\/#website\",\"url\":\"https:\/\/observatoriodaimprensa.net\/\",\"name\":\"Observat\\u00f3rio da imprensa\",\"description\":\"\",\"potentialAction\":[{\"@type\":\"SearchAction\",\"target\":{\"@type\":\"EntryPoint\",\"urlTemplate\":\"https:\/\/observatoriodaimprensa.net\/?s={search_term_string}\"},\"query-input\":\"required name=search_term_string\"}],\"inLanguage\":\"en-US\"},{\"@type\":\"ImageObject\",\"@id\":\"https:\/\/observatoriodaimprensa.net\/english-symbolic-power-and-the-future-of-opposition\/#primaryimage\",\"inLanguage\":\"en-US\",\"url\":\"https:\/\/observatoriodaimprensa.net\/wp-content\/uploads\/2017\/11\/20840612_1960655138577_n.jpg\",\"contentUrl\":\"https:\/\/observatoriodaimprensa.net\/wp-content\/uploads\/2017\/11\/20840612_1960655138577_n.jpg\",\"width\":960,\"height\":720},{\"@type\":\"WebPage\",\"@id\":\"https:\/\/observatoriodaimprensa.net\/english-symbolic-power-and-the-future-of-opposition\/#webpage\",\"url\":\"https:\/\/observatoriodaimprensa.net\/english-symbolic-power-and-the-future-of-opposition\/\",\"name\":\"Symbolic power and the future of opposition - Observat\\u00f3rio da imprensa\",\"isPartOf\":{\"@id\":\"https:\/\/observatoriodaimprensa.net\/#website\"},\"primaryImageOfPage\":{\"@id\":\"https:\/\/observatoriodaimprensa.net\/english-symbolic-power-and-the-future-of-opposition\/#primaryimage\"},\"datePublished\":\"2017-11-04T23:33:39+00:00\",\"dateModified\":\"2019-09-13T02:09:53+00:00\",\"author\":{\"@id\":\"https:\/\/observatoriodaimprensa.net\/#\/schema\/person\/91ffb291eefe6573f35f382bdeebea62\"},\"breadcrumb\":{\"@id\":\"https:\/\/observatoriodaimprensa.net\/english-symbolic-power-and-the-future-of-opposition\/#breadcrumb\"},\"inLanguage\":\"en-US\",\"potentialAction\":[{\"@type\":\"ReadAction\",\"target\":[\"https:\/\/observatoriodaimprensa.net\/english-symbolic-power-and-the-future-of-opposition\/\"]}]},{\"@type\":\"BreadcrumbList\",\"@id\":\"https:\/\/observatoriodaimprensa.net\/english-symbolic-power-and-the-future-of-opposition\/#breadcrumb\",\"itemListElement\":[{\"@type\":\"ListItem\",\"position\":1,\"name\":\"In\\u00edcio\",\"item\":\"https:\/\/observatoriodaimprensa.net\/\"},{\"@type\":\"ListItem\",\"position\":2,\"name\":\"Symbolic power and the future of opposition\"}]},{\"@type\":\"Person\",\"@id\":\"https:\/\/observatoriodaimprensa.net\/#\/schema\/person\/91ffb291eefe6573f35f382bdeebea62\",\"name\":\"OI\",\"image\":{\"@type\":\"ImageObject\",\"@id\":\"https:\/\/observatoriodaimprensa.net\/#personlogo\",\"inLanguage\":\"en-US\",\"url\":\"https:\/\/secure.gravatar.com\/avatar\/714fbd1c2449a4ed0d119c20e4fddcc6?s=96&d=mm&r=g\",\"contentUrl\":\"https:\/\/secure.gravatar.com\/avatar\/714fbd1c2449a4ed0d119c20e4fddcc6?s=96&d=mm&r=g\",\"caption\":\"OI\"},\"description\":\"Domingos da Cruz \\u00e9 Graduado em Filosofia e Pedagogia pelo IDBES ( Instituto Dom Bosco de Estudos Superior-Angola) e Mestre em Ci\\u00eancias Jur\\u00eddicas-\\u00c1rea de Direitos Humanos pela Universidade Federal da Paraiba-UFPB-Brasil. Jornalista, Escritor com seis livros publicados e vencedor do Pr\\u00e9mio Nacional de Direitos Humanos, Categoria Ricardo de Melo em 2009. Membro do (NCDH) N\\u00facleo de Cidadania e Direitos Humanos da UFPB, actuando no GT de Investiga\\u00e7\\u00e3o em Seguran\\u00e7a P\\u00fablica, Viol\\u00eancia e Direitos Humanos. \\u00c9 ainda Membro convidado do grupo de pesquisa sobre Ret\\u00f3rica e Direitos Humanos do CCJ (Centro de Ci\\u00eancias Jur\\u00eddicas). Professor de Direitos Humanos, Filosofia da Educa\\u00e7\\u00e3o e Teoria da Educa\\u00e7\\u00e3o. Foi porta-voz do Instituto para Media na Regi\\u00e3o Austral de \\u00c1frica \\u2013 MISA-Angola. Consultor de ONGs nacionais e internacionais.\",\"url\":\"https:\/\/observatoriodaimprensa.net\/en\/author\/domingos-da-cruz-maninho\/\"}]}<\/script>\n<!-- \/ Yoast SEO plugin. -->","yoast_head_json":{"title":"Symbolic power and the future of opposition - Observat\u00f3rio da imprensa","robots":{"index":"index","follow":"follow","max-snippet":"max-snippet:-1","max-image-preview":"max-image-preview:large","max-video-preview":"max-video-preview:-1"},"canonical":"https:\/\/observatoriodaimprensa.net\/english-symbolic-power-and-the-future-of-opposition\/","og_locale":"en_US","og_type":"article","og_title":"Symbolic power and the future of opposition - Observat\u00f3rio da imprensa","og_description":"Domingos da Cruz | Symbolic power cannot be associated with an idea of power built upon money, military power, witchcraft, cruelty or any other aspect related to materiality. Symbolic power may be understood through existential examples. However, the comprehension of the role, influence and concept of symbolic power is not possible for people who are ...","og_url":"https:\/\/observatoriodaimprensa.net\/english-symbolic-power-and-the-future-of-opposition\/","og_site_name":"Observat\u00f3rio da imprensa","article_published_time":"2017-11-04T23:33:39+00:00","article_modified_time":"2019-09-13T02:09:53+00:00","og_image":[{"width":960,"height":720,"url":"https:\/\/observatoriodaimprensa.net\/wp-content\/uploads\/2017\/11\/20840612_1960655138577_n.jpg","path":"\/home1\/observ58\/public_html\/wp-content\/uploads\/2017\/11\/20840612_1960655138577_n.jpg","size":"full","id":1832,"alt":"","pixels":691200,"type":"image\/jpeg"}],"twitter_misc":{"Written by":"OI","Est. reading time":"4 minutes"},"schema":{"@context":"https:\/\/schema.org","@graph":[{"@type":"WebSite","@id":"https:\/\/observatoriodaimprensa.net\/#website","url":"https:\/\/observatoriodaimprensa.net\/","name":"Observat\u00f3rio da imprensa","description":"","potentialAction":[{"@type":"SearchAction","target":{"@type":"EntryPoint","urlTemplate":"https:\/\/observatoriodaimprensa.net\/?s={search_term_string}"},"query-input":"required name=search_term_string"}],"inLanguage":"en-US"},{"@type":"ImageObject","@id":"https:\/\/observatoriodaimprensa.net\/english-symbolic-power-and-the-future-of-opposition\/#primaryimage","inLanguage":"en-US","url":"https:\/\/observatoriodaimprensa.net\/wp-content\/uploads\/2017\/11\/20840612_1960655138577_n.jpg","contentUrl":"https:\/\/observatoriodaimprensa.net\/wp-content\/uploads\/2017\/11\/20840612_1960655138577_n.jpg","width":960,"height":720},{"@type":"WebPage","@id":"https:\/\/observatoriodaimprensa.net\/english-symbolic-power-and-the-future-of-opposition\/#webpage","url":"https:\/\/observatoriodaimprensa.net\/english-symbolic-power-and-the-future-of-opposition\/","name":"Symbolic power and the future of opposition - Observat\u00f3rio da imprensa","isPartOf":{"@id":"https:\/\/observatoriodaimprensa.net\/#website"},"primaryImageOfPage":{"@id":"https:\/\/observatoriodaimprensa.net\/english-symbolic-power-and-the-future-of-opposition\/#primaryimage"},"datePublished":"2017-11-04T23:33:39+00:00","dateModified":"2019-09-13T02:09:53+00:00","author":{"@id":"https:\/\/observatoriodaimprensa.net\/#\/schema\/person\/91ffb291eefe6573f35f382bdeebea62"},"breadcrumb":{"@id":"https:\/\/observatoriodaimprensa.net\/english-symbolic-power-and-the-future-of-opposition\/#breadcrumb"},"inLanguage":"en-US","potentialAction":[{"@type":"ReadAction","target":["https:\/\/observatoriodaimprensa.net\/english-symbolic-power-and-the-future-of-opposition\/"]}]},{"@type":"BreadcrumbList","@id":"https:\/\/observatoriodaimprensa.net\/english-symbolic-power-and-the-future-of-opposition\/#breadcrumb","itemListElement":[{"@type":"ListItem","position":1,"name":"In\u00edcio","item":"https:\/\/observatoriodaimprensa.net\/"},{"@type":"ListItem","position":2,"name":"Symbolic power and the future of opposition"}]},{"@type":"Person","@id":"https:\/\/observatoriodaimprensa.net\/#\/schema\/person\/91ffb291eefe6573f35f382bdeebea62","name":"OI","image":{"@type":"ImageObject","@id":"https:\/\/observatoriodaimprensa.net\/#personlogo","inLanguage":"en-US","url":"https:\/\/secure.gravatar.com\/avatar\/714fbd1c2449a4ed0d119c20e4fddcc6?s=96&d=mm&r=g","contentUrl":"https:\/\/secure.gravatar.com\/avatar\/714fbd1c2449a4ed0d119c20e4fddcc6?s=96&d=mm&r=g","caption":"OI"},"description":"Domingos da Cruz \u00e9 Graduado em Filosofia e Pedagogia pelo IDBES ( Instituto Dom Bosco de Estudos Superior-Angola) e Mestre em Ci\u00eancias Jur\u00eddicas-\u00c1rea de Direitos Humanos pela Universidade Federal da Paraiba-UFPB-Brasil. Jornalista, Escritor com seis livros publicados e vencedor do Pr\u00e9mio Nacional de Direitos Humanos, Categoria Ricardo de Melo em 2009. Membro do (NCDH) N\u00facleo de Cidadania e Direitos Humanos da UFPB, actuando no GT de Investiga\u00e7\u00e3o em Seguran\u00e7a P\u00fablica, Viol\u00eancia e Direitos Humanos. \u00c9 ainda Membro convidado do grupo de pesquisa sobre Ret\u00f3rica e Direitos Humanos do CCJ (Centro de Ci\u00eancias Jur\u00eddicas). Professor de Direitos Humanos, Filosofia da Educa\u00e7\u00e3o e Teoria da Educa\u00e7\u00e3o. Foi porta-voz do Instituto para Media na Regi\u00e3o Austral de \u00c1frica \u2013 MISA-Angola. Consultor de ONGs nacionais e internacionais.","url":"https:\/\/observatoriodaimprensa.net\/en\/author\/domingos-da-cruz-maninho\/"}]}},"_links":{"self":[{"href":"https:\/\/observatoriodaimprensa.net\/en\/wp-json\/wp\/v2\/posts\/1831"}],"collection":[{"href":"https:\/\/observatoriodaimprensa.net\/en\/wp-json\/wp\/v2\/posts"}],"about":[{"href":"https:\/\/observatoriodaimprensa.net\/en\/wp-json\/wp\/v2\/types\/post"}],"author":[{"embeddable":true,"href":"https:\/\/observatoriodaimprensa.net\/en\/wp-json\/wp\/v2\/users\/2"}],"replies":[{"embeddable":true,"href":"https:\/\/observatoriodaimprensa.net\/en\/wp-json\/wp\/v2\/comments?post=1831"}],"version-history":[{"count":2,"href":"https:\/\/observatoriodaimprensa.net\/en\/wp-json\/wp\/v2\/posts\/1831\/revisions"}],"predecessor-version":[{"id":1835,"href":"https:\/\/observatoriodaimprensa.net\/en\/wp-json\/wp\/v2\/posts\/1831\/revisions\/1835"}],"wp:featuredmedia":[{"embeddable":true,"href":"https:\/\/observatoriodaimprensa.net\/en\/wp-json\/wp\/v2\/media\/1832"}],"wp:attachment":[{"href":"https:\/\/observatoriodaimprensa.net\/en\/wp-json\/wp\/v2\/media?parent=1831"}],"wp:term":[{"taxonomy":"category","embeddable":true,"href":"https:\/\/observatoriodaimprensa.net\/en\/wp-json\/wp\/v2\/categories?post=1831"},{"taxonomy":"post_tag","embeddable":true,"href":"https:\/\/observatoriodaimprensa.net\/en\/wp-json\/wp\/v2\/tags?post=1831"}],"curies":[{"name":"wp","href":"https:\/\/api.w.org\/{rel}","templated":true}]}}