{"id":315,"date":"2014-10-23T16:06:09","date_gmt":"2014-10-23T16:06:09","guid":{"rendered":"http:\/\/e4e.3d7.myftpupload.com\/?p=315"},"modified":"2019-09-13T22:44:26","modified_gmt":"2019-09-13T22:44:26","slug":"a-comunicacao-social-e-manutencao-do-poder-politico-em-angola","status":"publish","type":"post","link":"https:\/\/observatoriodaimprensa.net\/en\/a-comunicacao-social-e-manutencao-do-poder-politico-em-angola\/","title":{"rendered":"A comunica\u00e7\u00e3o social e a manuten\u00e7\u00e3o do poder pol\u00edtico em Angola"},"content":{"rendered":"<p class=\"qtranxs-available-languages-message qtranxs-available-languages-message-en\">Sorry, this entry is only available in <a href=\"https:\/\/observatoriodaimprensa.net\/pt\/wp-json\/wp\/v2\/posts\/315\" class=\"qtranxs-available-language-link qtranxs-available-language-link-pt\" title=\"Portugu\u00eas\">European Portuguese<\/a>.<\/p>","protected":false},"excerpt":{"rendered":"<p>Sorry, this entry is only available in European Portuguese.<\/p>\n","protected":false},"author":1,"featured_media":0,"comment_status":"open","ping_status":"open","sticky":false,"template":"","format":"video","meta":[],"categories":[31],"tags":[],"yoast_head":"<!-- This site is optimized with the Yoast SEO plugin v16.7 - https:\/\/yoast.com\/wordpress\/plugins\/seo\/ -->\n<title>A comunica\u00e7\u00e3o social e a manuten\u00e7\u00e3o do poder pol\u00edtico em Angola - Observat\u00f3rio da imprensa<\/title>\n<meta name=\"robots\" content=\"index, follow, max-snippet:-1, max-image-preview:large, max-video-preview:-1\" \/>\n<link rel=\"canonical\" href=\"https:\/\/observatoriodaimprensa.net\/a-comunicacao-social-e-manutencao-do-poder-politico-em-angola\/\" \/>\n<meta property=\"og:locale\" content=\"en_US\" \/>\n<meta property=\"og:type\" content=\"article\" \/>\n<meta property=\"og:title\" content=\"A comunica\u00e7\u00e3o social e a manuten\u00e7\u00e3o do poder pol\u00edtico em Angola - Observat\u00f3rio da imprensa\" \/>\n<meta property=\"og:description\" content=\"Sorry, this entry is only available in European Portuguese.\" \/>\n<meta property=\"og:url\" content=\"https:\/\/observatoriodaimprensa.net\/a-comunicacao-social-e-manutencao-do-poder-politico-em-angola\/\" \/>\n<meta property=\"og:site_name\" content=\"Observat\u00f3rio da imprensa\" \/>\n<meta property=\"article:published_time\" content=\"2014-10-23T16:06:09+00:00\" \/>\n<meta property=\"article:modified_time\" content=\"2019-09-13T22:44:26+00:00\" \/>\n<meta name=\"twitter:label1\" content=\"Written by\" \/>\n\t<meta name=\"twitter:data1\" content=\"Observat\u00f3rio da Imprensa\" \/>\n<script type=\"application\/ld+json\" class=\"yoast-schema-graph\">{\"@context\":\"https:\/\/schema.org\",\"@graph\":[{\"@type\":\"WebSite\",\"@id\":\"https:\/\/observatoriodaimprensa.net\/#website\",\"url\":\"https:\/\/observatoriodaimprensa.net\/\",\"name\":\"Observat\\u00f3rio da imprensa\",\"description\":\"\",\"potentialAction\":[{\"@type\":\"SearchAction\",\"target\":{\"@type\":\"EntryPoint\",\"urlTemplate\":\"https:\/\/observatoriodaimprensa.net\/?s={search_term_string}\"},\"query-input\":\"required name=search_term_string\"}],\"inLanguage\":\"en-US\"},{\"@type\":\"WebPage\",\"@id\":\"https:\/\/observatoriodaimprensa.net\/a-comunicacao-social-e-manutencao-do-poder-politico-em-angola\/#webpage\",\"url\":\"https:\/\/observatoriodaimprensa.net\/a-comunicacao-social-e-manutencao-do-poder-politico-em-angola\/\",\"name\":\"A comunica\\u00e7\\u00e3o social e a manuten\\u00e7\\u00e3o do poder pol\\u00edtico em Angola - Observat\\u00f3rio da imprensa\",\"isPartOf\":{\"@id\":\"https:\/\/observatoriodaimprensa.net\/#website\"},\"datePublished\":\"2014-10-23T16:06:09+00:00\",\"dateModified\":\"2019-09-13T22:44:26+00:00\",\"author\":{\"@id\":\"https:\/\/observatoriodaimprensa.net\/#\/schema\/person\/593667bef38e196d912bf08b7ec05776\"},\"breadcrumb\":{\"@id\":\"https:\/\/observatoriodaimprensa.net\/a-comunicacao-social-e-manutencao-do-poder-politico-em-angola\/#breadcrumb\"},\"inLanguage\":\"en-US\",\"potentialAction\":[{\"@type\":\"ReadAction\",\"target\":[\"https:\/\/observatoriodaimprensa.net\/a-comunicacao-social-e-manutencao-do-poder-politico-em-angola\/\"]}]},{\"@type\":\"BreadcrumbList\",\"@id\":\"https:\/\/observatoriodaimprensa.net\/a-comunicacao-social-e-manutencao-do-poder-politico-em-angola\/#breadcrumb\",\"itemListElement\":[{\"@type\":\"ListItem\",\"position\":1,\"name\":\"In\\u00edcio\",\"item\":\"https:\/\/observatoriodaimprensa.net\/\"},{\"@type\":\"ListItem\",\"position\":2,\"name\":\"A comunica\\u00e7\\u00e3o social e a manuten\\u00e7\\u00e3o do poder pol\\u00edtico em Angola\"}]},{\"@type\":\"Person\",\"@id\":\"https:\/\/observatoriodaimprensa.net\/#\/schema\/person\/593667bef38e196d912bf08b7ec05776\",\"name\":\"Observat\\u00f3rio da Imprensa\",\"image\":{\"@type\":\"ImageObject\",\"@id\":\"https:\/\/observatoriodaimprensa.net\/#personlogo\",\"inLanguage\":\"en-US\",\"url\":\"https:\/\/secure.gravatar.com\/avatar\/399b50d3c7bb117aa52b02658df457b2?s=96&d=mm&r=g\",\"contentUrl\":\"https:\/\/secure.gravatar.com\/avatar\/399b50d3c7bb117aa52b02658df457b2?s=96&d=mm&r=g\",\"caption\":\"Observat\\u00f3rio da Imprensa\"},\"url\":\"https:\/\/observatoriodaimprensa.net\/en\/author\/master\/\"}]}<\/script>\n<!-- \/ Yoast SEO plugin. -->","yoast_head_json":{"title":"A comunica\u00e7\u00e3o social e a manuten\u00e7\u00e3o do poder pol\u00edtico em Angola - Observat\u00f3rio da imprensa","robots":{"index":"index","follow":"follow","max-snippet":"max-snippet:-1","max-image-preview":"max-image-preview:large","max-video-preview":"max-video-preview:-1"},"canonical":"https:\/\/observatoriodaimprensa.net\/a-comunicacao-social-e-manutencao-do-poder-politico-em-angola\/","og_locale":"en_US","og_type":"article","og_title":"A comunica\u00e7\u00e3o social e a manuten\u00e7\u00e3o do poder pol\u00edtico em Angola - Observat\u00f3rio da imprensa","og_description":"Sorry, this entry is only available in European Portuguese.","og_url":"https:\/\/observatoriodaimprensa.net\/a-comunicacao-social-e-manutencao-do-poder-politico-em-angola\/","og_site_name":"Observat\u00f3rio da imprensa","article_published_time":"2014-10-23T16:06:09+00:00","article_modified_time":"2019-09-13T22:44:26+00:00","twitter_misc":{"Written by":"Observat\u00f3rio da Imprensa"},"schema":{"@context":"https:\/\/schema.org","@graph":[{"@type":"WebSite","@id":"https:\/\/observatoriodaimprensa.net\/#website","url":"https:\/\/observatoriodaimprensa.net\/","name":"Observat\u00f3rio da imprensa","description":"","potentialAction":[{"@type":"SearchAction","target":{"@type":"EntryPoint","urlTemplate":"https:\/\/observatoriodaimprensa.net\/?s={search_term_string}"},"query-input":"required name=search_term_string"}],"inLanguage":"en-US"},{"@type":"WebPage","@id":"https:\/\/observatoriodaimprensa.net\/a-comunicacao-social-e-manutencao-do-poder-politico-em-angola\/#webpage","url":"https:\/\/observatoriodaimprensa.net\/a-comunicacao-social-e-manutencao-do-poder-politico-em-angola\/","name":"A comunica\u00e7\u00e3o social e a manuten\u00e7\u00e3o do poder pol\u00edtico em Angola - Observat\u00f3rio da imprensa","isPartOf":{"@id":"https:\/\/observatoriodaimprensa.net\/#website"},"datePublished":"2014-10-23T16:06:09+00:00","dateModified":"2019-09-13T22:44:26+00:00","author":{"@id":"https:\/\/observatoriodaimprensa.net\/#\/schema\/person\/593667bef38e196d912bf08b7ec05776"},"breadcrumb":{"@id":"https:\/\/observatoriodaimprensa.net\/a-comunicacao-social-e-manutencao-do-poder-politico-em-angola\/#breadcrumb"},"inLanguage":"en-US","potentialAction":[{"@type":"ReadAction","target":["https:\/\/observatoriodaimprensa.net\/a-comunicacao-social-e-manutencao-do-poder-politico-em-angola\/"]}]},{"@type":"BreadcrumbList","@id":"https:\/\/observatoriodaimprensa.net\/a-comunicacao-social-e-manutencao-do-poder-politico-em-angola\/#breadcrumb","itemListElement":[{"@type":"ListItem","position":1,"name":"In\u00edcio","item":"https:\/\/observatoriodaimprensa.net\/"},{"@type":"ListItem","position":2,"name":"A comunica\u00e7\u00e3o social e a manuten\u00e7\u00e3o do poder pol\u00edtico em Angola"}]},{"@type":"Person","@id":"https:\/\/observatoriodaimprensa.net\/#\/schema\/person\/593667bef38e196d912bf08b7ec05776","name":"Observat\u00f3rio da Imprensa","image":{"@type":"ImageObject","@id":"https:\/\/observatoriodaimprensa.net\/#personlogo","inLanguage":"en-US","url":"https:\/\/secure.gravatar.com\/avatar\/399b50d3c7bb117aa52b02658df457b2?s=96&d=mm&r=g","contentUrl":"https:\/\/secure.gravatar.com\/avatar\/399b50d3c7bb117aa52b02658df457b2?s=96&d=mm&r=g","caption":"Observat\u00f3rio da Imprensa"},"url":"https:\/\/observatoriodaimprensa.net\/en\/author\/master\/"}]}},"_links":{"self":[{"href":"https:\/\/observatoriodaimprensa.net\/en\/wp-json\/wp\/v2\/posts\/315"}],"collection":[{"href":"https:\/\/observatoriodaimprensa.net\/en\/wp-json\/wp\/v2\/posts"}],"about":[{"href":"https:\/\/observatoriodaimprensa.net\/en\/wp-json\/wp\/v2\/types\/post"}],"author":[{"embeddable":true,"href":"https:\/\/observatoriodaimprensa.net\/en\/wp-json\/wp\/v2\/users\/1"}],"replies":[{"embeddable":true,"href":"https:\/\/observatoriodaimprensa.net\/en\/wp-json\/wp\/v2\/comments?post=315"}],"version-history":[{"count":6,"href":"https:\/\/observatoriodaimprensa.net\/en\/wp-json\/wp\/v2\/posts\/315\/revisions"}],"predecessor-version":[{"id":811,"href":"https:\/\/observatoriodaimprensa.net\/en\/wp-json\/wp\/v2\/posts\/315\/revisions\/811"}],"wp:attachment":[{"href":"https:\/\/observatoriodaimprensa.net\/en\/wp-json\/wp\/v2\/media?parent=315"}],"wp:term":[{"taxonomy":"category","embeddable":true,"href":"https:\/\/observatoriodaimprensa.net\/en\/wp-json\/wp\/v2\/categories?post=315"},{"taxonomy":"post_tag","embeddable":true,"href":"https:\/\/observatoriodaimprensa.net\/en\/wp-json\/wp\/v2\/tags?post=315"}],"curies":[{"name":"wp","href":"https:\/\/api.w.org\/{rel}","templated":true}]}}