{"id":3219,"date":"2020-09-13T13:27:39","date_gmt":"2020-09-13T13:27:39","guid":{"rendered":"https:\/\/observatoriodaimprensa.net\/?p=3219"},"modified":"2020-09-26T17:28:20","modified_gmt":"2020-09-26T17:28:20","slug":"entre-os-recursos-naturais-a-guerra-e-a-covid-19-em-cabo-delgado","status":"publish","type":"post","link":"https:\/\/observatoriodaimprensa.net\/en\/entre-os-recursos-naturais-a-guerra-e-a-covid-19-em-cabo-delgado\/","title":{"rendered":"Entre os recursos naturais, a guerra e a COVID-19 em Cabo Delgado"},"content":{"rendered":"<p class=\"qtranxs-available-languages-message qtranxs-available-languages-message-en\">Sorry, this entry is only available in <a href=\"https:\/\/observatoriodaimprensa.net\/pt\/wp-json\/wp\/v2\/posts\/3219\" class=\"qtranxs-available-language-link qtranxs-available-language-link-pt\" title=\"Portugu\u00eas\">European Portuguese<\/a>.<\/p>","protected":false},"excerpt":{"rendered":"<p>Sorry, this entry is only available in European Portuguese.<\/p>\n","protected":false},"author":2,"featured_media":3221,"comment_status":"open","ping_status":"open","sticky":false,"template":"","format":"standard","meta":[],"categories":[70,25,20,12],"tags":[],"yoast_head":"<!-- This site is optimized with the Yoast SEO plugin v16.7 - https:\/\/yoast.com\/wordpress\/plugins\/seo\/ -->\n<title>Entre os recursos naturais, a guerra e a COVID-19 em Cabo Delgado - Observat\u00f3rio da imprensa<\/title>\n<meta name=\"robots\" content=\"index, follow, max-snippet:-1, max-image-preview:large, max-video-preview:-1\" \/>\n<link rel=\"canonical\" href=\"https:\/\/observatoriodaimprensa.net\/entre-os-recursos-naturais-a-guerra-e-a-covid-19-em-cabo-delgado\/\" \/>\n<meta property=\"og:locale\" content=\"en_US\" \/>\n<meta property=\"og:type\" content=\"article\" \/>\n<meta property=\"og:title\" content=\"Entre os recursos naturais, a guerra e a COVID-19 em Cabo Delgado - Observat\u00f3rio da imprensa\" \/>\n<meta property=\"og:description\" content=\"Sorry, this entry is only available in European Portuguese.\" \/>\n<meta property=\"og:url\" content=\"https:\/\/observatoriodaimprensa.net\/entre-os-recursos-naturais-a-guerra-e-a-covid-19-em-cabo-delgado\/\" \/>\n<meta property=\"og:site_name\" content=\"Observat\u00f3rio da imprensa\" \/>\n<meta property=\"article:published_time\" content=\"2020-09-13T13:27:39+00:00\" \/>\n<meta property=\"article:modified_time\" content=\"2020-09-26T17:28:20+00:00\" \/>\n<meta property=\"og:image\" content=\"https:\/\/observatoriodaimprensa.net\/wp-content\/uploads\/2020\/09\/result.png\" \/>\n\t<meta property=\"og:image:width\" content=\"1200\" \/>\n\t<meta property=\"og:image:height\" content=\"630\" \/>\n<meta name=\"twitter:label1\" content=\"Written by\" \/>\n\t<meta name=\"twitter:data1\" content=\"OI\" \/>\n\t<meta name=\"twitter:label2\" content=\"Est. reading time\" \/>\n\t<meta name=\"twitter:data2\" content=\"13 minutes\" \/>\n<script type=\"application\/ld+json\" class=\"yoast-schema-graph\">{\"@context\":\"https:\/\/schema.org\",\"@graph\":[{\"@type\":\"WebSite\",\"@id\":\"https:\/\/observatoriodaimprensa.net\/#website\",\"url\":\"https:\/\/observatoriodaimprensa.net\/\",\"name\":\"Observat\\u00f3rio da imprensa\",\"description\":\"\",\"potentialAction\":[{\"@type\":\"SearchAction\",\"target\":{\"@type\":\"EntryPoint\",\"urlTemplate\":\"https:\/\/observatoriodaimprensa.net\/?s={search_term_string}\"},\"query-input\":\"required name=search_term_string\"}],\"inLanguage\":\"en-US\"},{\"@type\":\"ImageObject\",\"@id\":\"https:\/\/observatoriodaimprensa.net\/entre-os-recursos-naturais-a-guerra-e-a-covid-19-em-cabo-delgado\/#primaryimage\",\"inLanguage\":\"en-US\",\"url\":\"https:\/\/observatoriodaimprensa.net\/wp-content\/uploads\/2020\/09\/result.png\",\"contentUrl\":\"https:\/\/observatoriodaimprensa.net\/wp-content\/uploads\/2020\/09\/result.png\",\"width\":1200,\"height\":630},{\"@type\":\"WebPage\",\"@id\":\"https:\/\/observatoriodaimprensa.net\/entre-os-recursos-naturais-a-guerra-e-a-covid-19-em-cabo-delgado\/#webpage\",\"url\":\"https:\/\/observatoriodaimprensa.net\/entre-os-recursos-naturais-a-guerra-e-a-covid-19-em-cabo-delgado\/\",\"name\":\"Entre os recursos naturais, a guerra e a COVID-19 em Cabo Delgado - Observat\\u00f3rio da imprensa\",\"isPartOf\":{\"@id\":\"https:\/\/observatoriodaimprensa.net\/#website\"},\"primaryImageOfPage\":{\"@id\":\"https:\/\/observatoriodaimprensa.net\/entre-os-recursos-naturais-a-guerra-e-a-covid-19-em-cabo-delgado\/#primaryimage\"},\"datePublished\":\"2020-09-13T13:27:39+00:00\",\"dateModified\":\"2020-09-26T17:28:20+00:00\",\"author\":{\"@id\":\"https:\/\/observatoriodaimprensa.net\/#\/schema\/person\/91ffb291eefe6573f35f382bdeebea62\"},\"breadcrumb\":{\"@id\":\"https:\/\/observatoriodaimprensa.net\/entre-os-recursos-naturais-a-guerra-e-a-covid-19-em-cabo-delgado\/#breadcrumb\"},\"inLanguage\":\"en-US\",\"potentialAction\":[{\"@type\":\"ReadAction\",\"target\":[\"https:\/\/observatoriodaimprensa.net\/entre-os-recursos-naturais-a-guerra-e-a-covid-19-em-cabo-delgado\/\"]}]},{\"@type\":\"BreadcrumbList\",\"@id\":\"https:\/\/observatoriodaimprensa.net\/entre-os-recursos-naturais-a-guerra-e-a-covid-19-em-cabo-delgado\/#breadcrumb\",\"itemListElement\":[{\"@type\":\"ListItem\",\"position\":1,\"name\":\"In\\u00edcio\",\"item\":\"https:\/\/observatoriodaimprensa.net\/\"},{\"@type\":\"ListItem\",\"position\":2,\"name\":\"Entre os recursos naturais, a guerra e a COVID-19 em Cabo Delgado\"}]},{\"@type\":\"Person\",\"@id\":\"https:\/\/observatoriodaimprensa.net\/#\/schema\/person\/91ffb291eefe6573f35f382bdeebea62\",\"name\":\"OI\",\"image\":{\"@type\":\"ImageObject\",\"@id\":\"https:\/\/observatoriodaimprensa.net\/#personlogo\",\"inLanguage\":\"en-US\",\"url\":\"https:\/\/secure.gravatar.com\/avatar\/714fbd1c2449a4ed0d119c20e4fddcc6?s=96&d=mm&r=g\",\"contentUrl\":\"https:\/\/secure.gravatar.com\/avatar\/714fbd1c2449a4ed0d119c20e4fddcc6?s=96&d=mm&r=g\",\"caption\":\"OI\"},\"description\":\"Domingos da Cruz \\u00e9 Graduado em Filosofia e Pedagogia pelo IDBES ( Instituto Dom Bosco de Estudos Superior-Angola) e Mestre em Ci\\u00eancias Jur\\u00eddicas-\\u00c1rea de Direitos Humanos pela Universidade Federal da Paraiba-UFPB-Brasil. Jornalista, Escritor com seis livros publicados e vencedor do Pr\\u00e9mio Nacional de Direitos Humanos, Categoria Ricardo de Melo em 2009. Membro do (NCDH) N\\u00facleo de Cidadania e Direitos Humanos da UFPB, actuando no GT de Investiga\\u00e7\\u00e3o em Seguran\\u00e7a P\\u00fablica, Viol\\u00eancia e Direitos Humanos. \\u00c9 ainda Membro convidado do grupo de pesquisa sobre Ret\\u00f3rica e Direitos Humanos do CCJ (Centro de Ci\\u00eancias Jur\\u00eddicas). Professor de Direitos Humanos, Filosofia da Educa\\u00e7\\u00e3o e Teoria da Educa\\u00e7\\u00e3o. Foi porta-voz do Instituto para Media na Regi\\u00e3o Austral de \\u00c1frica \\u2013 MISA-Angola. Consultor de ONGs nacionais e internacionais.\",\"url\":\"https:\/\/observatoriodaimprensa.net\/en\/author\/domingos-da-cruz-maninho\/\"}]}<\/script>\n<!-- \/ Yoast SEO plugin. -->","yoast_head_json":{"title":"Entre os recursos naturais, a guerra e a COVID-19 em Cabo Delgado - Observat\u00f3rio da imprensa","robots":{"index":"index","follow":"follow","max-snippet":"max-snippet:-1","max-image-preview":"max-image-preview:large","max-video-preview":"max-video-preview:-1"},"canonical":"https:\/\/observatoriodaimprensa.net\/entre-os-recursos-naturais-a-guerra-e-a-covid-19-em-cabo-delgado\/","og_locale":"en_US","og_type":"article","og_title":"Entre os recursos naturais, a guerra e a COVID-19 em Cabo Delgado - Observat\u00f3rio da imprensa","og_description":"Sorry, this entry is only available in European Portuguese.","og_url":"https:\/\/observatoriodaimprensa.net\/entre-os-recursos-naturais-a-guerra-e-a-covid-19-em-cabo-delgado\/","og_site_name":"Observat\u00f3rio da imprensa","article_published_time":"2020-09-13T13:27:39+00:00","article_modified_time":"2020-09-26T17:28:20+00:00","og_image":[{"width":1200,"height":630,"url":"https:\/\/observatoriodaimprensa.net\/wp-content\/uploads\/2020\/09\/result.png","path":"\/home1\/observ58\/public_html\/wp-content\/uploads\/2020\/09\/result.png","size":"full","id":3221,"alt":"","pixels":756000,"type":"image\/png"}],"twitter_misc":{"Written by":"OI","Est. reading time":"13 minutes"},"schema":{"@context":"https:\/\/schema.org","@graph":[{"@type":"WebSite","@id":"https:\/\/observatoriodaimprensa.net\/#website","url":"https:\/\/observatoriodaimprensa.net\/","name":"Observat\u00f3rio da imprensa","description":"","potentialAction":[{"@type":"SearchAction","target":{"@type":"EntryPoint","urlTemplate":"https:\/\/observatoriodaimprensa.net\/?s={search_term_string}"},"query-input":"required name=search_term_string"}],"inLanguage":"en-US"},{"@type":"ImageObject","@id":"https:\/\/observatoriodaimprensa.net\/entre-os-recursos-naturais-a-guerra-e-a-covid-19-em-cabo-delgado\/#primaryimage","inLanguage":"en-US","url":"https:\/\/observatoriodaimprensa.net\/wp-content\/uploads\/2020\/09\/result.png","contentUrl":"https:\/\/observatoriodaimprensa.net\/wp-content\/uploads\/2020\/09\/result.png","width":1200,"height":630},{"@type":"WebPage","@id":"https:\/\/observatoriodaimprensa.net\/entre-os-recursos-naturais-a-guerra-e-a-covid-19-em-cabo-delgado\/#webpage","url":"https:\/\/observatoriodaimprensa.net\/entre-os-recursos-naturais-a-guerra-e-a-covid-19-em-cabo-delgado\/","name":"Entre os recursos naturais, a guerra e a COVID-19 em Cabo Delgado - Observat\u00f3rio da imprensa","isPartOf":{"@id":"https:\/\/observatoriodaimprensa.net\/#website"},"primaryImageOfPage":{"@id":"https:\/\/observatoriodaimprensa.net\/entre-os-recursos-naturais-a-guerra-e-a-covid-19-em-cabo-delgado\/#primaryimage"},"datePublished":"2020-09-13T13:27:39+00:00","dateModified":"2020-09-26T17:28:20+00:00","author":{"@id":"https:\/\/observatoriodaimprensa.net\/#\/schema\/person\/91ffb291eefe6573f35f382bdeebea62"},"breadcrumb":{"@id":"https:\/\/observatoriodaimprensa.net\/entre-os-recursos-naturais-a-guerra-e-a-covid-19-em-cabo-delgado\/#breadcrumb"},"inLanguage":"en-US","potentialAction":[{"@type":"ReadAction","target":["https:\/\/observatoriodaimprensa.net\/entre-os-recursos-naturais-a-guerra-e-a-covid-19-em-cabo-delgado\/"]}]},{"@type":"BreadcrumbList","@id":"https:\/\/observatoriodaimprensa.net\/entre-os-recursos-naturais-a-guerra-e-a-covid-19-em-cabo-delgado\/#breadcrumb","itemListElement":[{"@type":"ListItem","position":1,"name":"In\u00edcio","item":"https:\/\/observatoriodaimprensa.net\/"},{"@type":"ListItem","position":2,"name":"Entre os recursos naturais, a guerra e a COVID-19 em Cabo Delgado"}]},{"@type":"Person","@id":"https:\/\/observatoriodaimprensa.net\/#\/schema\/person\/91ffb291eefe6573f35f382bdeebea62","name":"OI","image":{"@type":"ImageObject","@id":"https:\/\/observatoriodaimprensa.net\/#personlogo","inLanguage":"en-US","url":"https:\/\/secure.gravatar.com\/avatar\/714fbd1c2449a4ed0d119c20e4fddcc6?s=96&d=mm&r=g","contentUrl":"https:\/\/secure.gravatar.com\/avatar\/714fbd1c2449a4ed0d119c20e4fddcc6?s=96&d=mm&r=g","caption":"OI"},"description":"Domingos da Cruz \u00e9 Graduado em Filosofia e Pedagogia pelo IDBES ( Instituto Dom Bosco de Estudos Superior-Angola) e Mestre em Ci\u00eancias Jur\u00eddicas-\u00c1rea de Direitos Humanos pela Universidade Federal da Paraiba-UFPB-Brasil. Jornalista, Escritor com seis livros publicados e vencedor do Pr\u00e9mio Nacional de Direitos Humanos, Categoria Ricardo de Melo em 2009. Membro do (NCDH) N\u00facleo de Cidadania e Direitos Humanos da UFPB, actuando no GT de Investiga\u00e7\u00e3o em Seguran\u00e7a P\u00fablica, Viol\u00eancia e Direitos Humanos. \u00c9 ainda Membro convidado do grupo de pesquisa sobre Ret\u00f3rica e Direitos Humanos do CCJ (Centro de Ci\u00eancias Jur\u00eddicas). Professor de Direitos Humanos, Filosofia da Educa\u00e7\u00e3o e Teoria da Educa\u00e7\u00e3o. Foi porta-voz do Instituto para Media na Regi\u00e3o Austral de \u00c1frica \u2013 MISA-Angola. Consultor de ONGs nacionais e internacionais.","url":"https:\/\/observatoriodaimprensa.net\/en\/author\/domingos-da-cruz-maninho\/"}]}},"_links":{"self":[{"href":"https:\/\/observatoriodaimprensa.net\/en\/wp-json\/wp\/v2\/posts\/3219"}],"collection":[{"href":"https:\/\/observatoriodaimprensa.net\/en\/wp-json\/wp\/v2\/posts"}],"about":[{"href":"https:\/\/observatoriodaimprensa.net\/en\/wp-json\/wp\/v2\/types\/post"}],"author":[{"embeddable":true,"href":"https:\/\/observatoriodaimprensa.net\/en\/wp-json\/wp\/v2\/users\/2"}],"replies":[{"embeddable":true,"href":"https:\/\/observatoriodaimprensa.net\/en\/wp-json\/wp\/v2\/comments?post=3219"}],"version-history":[{"count":0,"href":"https:\/\/observatoriodaimprensa.net\/en\/wp-json\/wp\/v2\/posts\/3219\/revisions"}],"wp:featuredmedia":[{"embeddable":true,"href":"https:\/\/observatoriodaimprensa.net\/en\/wp-json\/wp\/v2\/media\/3221"}],"wp:attachment":[{"href":"https:\/\/observatoriodaimprensa.net\/en\/wp-json\/wp\/v2\/media?parent=3219"}],"wp:term":[{"taxonomy":"category","embeddable":true,"href":"https:\/\/observatoriodaimprensa.net\/en\/wp-json\/wp\/v2\/categories?post=3219"},{"taxonomy":"post_tag","embeddable":true,"href":"https:\/\/observatoriodaimprensa.net\/en\/wp-json\/wp\/v2\/tags?post=3219"}],"curies":[{"name":"wp","href":"https:\/\/api.w.org\/{rel}","templated":true}]}}