{"id":3512,"date":"2021-11-09T05:28:20","date_gmt":"2021-11-09T05:28:20","guid":{"rendered":"https:\/\/observatoriodaimprensa.net\/?p=3512"},"modified":"2021-11-09T05:28:20","modified_gmt":"2021-11-09T05:28:20","slug":"o-regime-juridico-da-liberdade-condicional-a-luz-dos-codigos-penal-e-do-processo-penal","status":"publish","type":"post","link":"https:\/\/observatoriodaimprensa.net\/en\/o-regime-juridico-da-liberdade-condicional-a-luz-dos-codigos-penal-e-do-processo-penal\/","title":{"rendered":"O regime jur\u00eddico da liberdade condicional \u00e0 luz dos c\u00f3digos penal e do processo penal"},"content":{"rendered":"<p class=\"qtranxs-available-languages-message qtranxs-available-languages-message-en\">Sorry, this entry is only available in <a href=\"https:\/\/observatoriodaimprensa.net\/pt\/wp-json\/wp\/v2\/posts\/3512\" class=\"qtranxs-available-language-link qtranxs-available-language-link-pt\" title=\"Portugu\u00eas\">European Portuguese<\/a>.<\/p>","protected":false},"excerpt":{"rendered":"<p>Sorry, this entry is only available in European Portuguese.<\/p>\n","protected":false},"author":2,"featured_media":3513,"comment_status":"open","ping_status":"open","sticky":false,"template":"","format":"standard","meta":[],"categories":[70,51,3],"tags":[],"yoast_head":"<!-- This site is optimized with the Yoast SEO plugin v16.7 - https:\/\/yoast.com\/wordpress\/plugins\/seo\/ -->\n<title>O regime jur\u00eddico da liberdade condicional \u00e0 luz dos c\u00f3digos penal e do processo penal - Observat\u00f3rio da imprensa<\/title>\n<meta name=\"robots\" content=\"index, follow, max-snippet:-1, max-image-preview:large, max-video-preview:-1\" \/>\n<link rel=\"canonical\" href=\"https:\/\/observatoriodaimprensa.net\/o-regime-juridico-da-liberdade-condicional-a-luz-dos-codigos-penal-e-do-processo-penal\/\" \/>\n<meta property=\"og:locale\" content=\"en_US\" \/>\n<meta property=\"og:type\" content=\"article\" \/>\n<meta property=\"og:title\" content=\"O regime jur\u00eddico da liberdade condicional \u00e0 luz dos c\u00f3digos penal e do processo penal - Observat\u00f3rio da imprensa\" \/>\n<meta property=\"og:description\" content=\"Sorry, this entry is only available in European Portuguese.\" \/>\n<meta property=\"og:url\" content=\"https:\/\/observatoriodaimprensa.net\/o-regime-juridico-da-liberdade-condicional-a-luz-dos-codigos-penal-e-do-processo-penal\/\" \/>\n<meta property=\"og:site_name\" content=\"Observat\u00f3rio da imprensa\" \/>\n<meta property=\"article:published_time\" content=\"2021-11-09T05:28:20+00:00\" \/>\n<meta property=\"og:image\" content=\"https:\/\/observatoriodaimprensa.net\/wp-content\/uploads\/2021\/11\/loves-sweet-revenge-2.jpg\" \/>\n\t<meta property=\"og:image:width\" content=\"1536\" \/>\n\t<meta property=\"og:image:height\" content=\"1023\" \/>\n<meta name=\"twitter:label1\" content=\"Written by\" \/>\n\t<meta name=\"twitter:data1\" content=\"OI\" \/>\n\t<meta name=\"twitter:label2\" content=\"Est. reading time\" \/>\n\t<meta name=\"twitter:data2\" content=\"8 minutes\" \/>\n<script type=\"application\/ld+json\" class=\"yoast-schema-graph\">{\"@context\":\"https:\/\/schema.org\",\"@graph\":[{\"@type\":\"WebSite\",\"@id\":\"https:\/\/observatoriodaimprensa.net\/#website\",\"url\":\"https:\/\/observatoriodaimprensa.net\/\",\"name\":\"Observat\\u00f3rio da imprensa\",\"description\":\"\",\"potentialAction\":[{\"@type\":\"SearchAction\",\"target\":{\"@type\":\"EntryPoint\",\"urlTemplate\":\"https:\/\/observatoriodaimprensa.net\/?s={search_term_string}\"},\"query-input\":\"required name=search_term_string\"}],\"inLanguage\":\"en-US\"},{\"@type\":\"ImageObject\",\"@id\":\"https:\/\/observatoriodaimprensa.net\/o-regime-juridico-da-liberdade-condicional-a-luz-dos-codigos-penal-e-do-processo-penal\/#primaryimage\",\"inLanguage\":\"en-US\",\"url\":\"https:\/\/observatoriodaimprensa.net\/wp-content\/uploads\/2021\/11\/loves-sweet-revenge-2.jpg\",\"contentUrl\":\"https:\/\/observatoriodaimprensa.net\/wp-content\/uploads\/2021\/11\/loves-sweet-revenge-2.jpg\",\"width\":1536,\"height\":1023,\"caption\":\"Empty prison cell\"},{\"@type\":\"WebPage\",\"@id\":\"https:\/\/observatoriodaimprensa.net\/o-regime-juridico-da-liberdade-condicional-a-luz-dos-codigos-penal-e-do-processo-penal\/#webpage\",\"url\":\"https:\/\/observatoriodaimprensa.net\/o-regime-juridico-da-liberdade-condicional-a-luz-dos-codigos-penal-e-do-processo-penal\/\",\"name\":\"O regime jur\\u00eddico da liberdade condicional \\u00e0 luz dos c\\u00f3digos penal e do processo penal - Observat\\u00f3rio da imprensa\",\"isPartOf\":{\"@id\":\"https:\/\/observatoriodaimprensa.net\/#website\"},\"primaryImageOfPage\":{\"@id\":\"https:\/\/observatoriodaimprensa.net\/o-regime-juridico-da-liberdade-condicional-a-luz-dos-codigos-penal-e-do-processo-penal\/#primaryimage\"},\"datePublished\":\"2021-11-09T05:28:20+00:00\",\"dateModified\":\"2021-11-09T05:28:20+00:00\",\"author\":{\"@id\":\"https:\/\/observatoriodaimprensa.net\/#\/schema\/person\/91ffb291eefe6573f35f382bdeebea62\"},\"breadcrumb\":{\"@id\":\"https:\/\/observatoriodaimprensa.net\/o-regime-juridico-da-liberdade-condicional-a-luz-dos-codigos-penal-e-do-processo-penal\/#breadcrumb\"},\"inLanguage\":\"en-US\",\"potentialAction\":[{\"@type\":\"ReadAction\",\"target\":[\"https:\/\/observatoriodaimprensa.net\/o-regime-juridico-da-liberdade-condicional-a-luz-dos-codigos-penal-e-do-processo-penal\/\"]}]},{\"@type\":\"BreadcrumbList\",\"@id\":\"https:\/\/observatoriodaimprensa.net\/o-regime-juridico-da-liberdade-condicional-a-luz-dos-codigos-penal-e-do-processo-penal\/#breadcrumb\",\"itemListElement\":[{\"@type\":\"ListItem\",\"position\":1,\"name\":\"In\\u00edcio\",\"item\":\"https:\/\/observatoriodaimprensa.net\/\"},{\"@type\":\"ListItem\",\"position\":2,\"name\":\"O regime jur\\u00eddico da liberdade condicional \\u00e0 luz dos c\\u00f3digos penal e do processo penal\"}]},{\"@type\":\"Person\",\"@id\":\"https:\/\/observatoriodaimprensa.net\/#\/schema\/person\/91ffb291eefe6573f35f382bdeebea62\",\"name\":\"OI\",\"image\":{\"@type\":\"ImageObject\",\"@id\":\"https:\/\/observatoriodaimprensa.net\/#personlogo\",\"inLanguage\":\"en-US\",\"url\":\"https:\/\/secure.gravatar.com\/avatar\/714fbd1c2449a4ed0d119c20e4fddcc6?s=96&d=mm&r=g\",\"contentUrl\":\"https:\/\/secure.gravatar.com\/avatar\/714fbd1c2449a4ed0d119c20e4fddcc6?s=96&d=mm&r=g\",\"caption\":\"OI\"},\"description\":\"Domingos da Cruz \\u00e9 Graduado em Filosofia e Pedagogia pelo IDBES ( Instituto Dom Bosco de Estudos Superior-Angola) e Mestre em Ci\\u00eancias Jur\\u00eddicas-\\u00c1rea de Direitos Humanos pela Universidade Federal da Paraiba-UFPB-Brasil. Jornalista, Escritor com seis livros publicados e vencedor do Pr\\u00e9mio Nacional de Direitos Humanos, Categoria Ricardo de Melo em 2009. Membro do (NCDH) N\\u00facleo de Cidadania e Direitos Humanos da UFPB, actuando no GT de Investiga\\u00e7\\u00e3o em Seguran\\u00e7a P\\u00fablica, Viol\\u00eancia e Direitos Humanos. \\u00c9 ainda Membro convidado do grupo de pesquisa sobre Ret\\u00f3rica e Direitos Humanos do CCJ (Centro de Ci\\u00eancias Jur\\u00eddicas). Professor de Direitos Humanos, Filosofia da Educa\\u00e7\\u00e3o e Teoria da Educa\\u00e7\\u00e3o. Foi porta-voz do Instituto para Media na Regi\\u00e3o Austral de \\u00c1frica \\u2013 MISA-Angola. Consultor de ONGs nacionais e internacionais.\",\"url\":\"https:\/\/observatoriodaimprensa.net\/en\/author\/domingos-da-cruz-maninho\/\"}]}<\/script>\n<!-- \/ Yoast SEO plugin. -->","yoast_head_json":{"title":"O regime jur\u00eddico da liberdade condicional \u00e0 luz dos c\u00f3digos penal e do processo penal - Observat\u00f3rio da imprensa","robots":{"index":"index","follow":"follow","max-snippet":"max-snippet:-1","max-image-preview":"max-image-preview:large","max-video-preview":"max-video-preview:-1"},"canonical":"https:\/\/observatoriodaimprensa.net\/o-regime-juridico-da-liberdade-condicional-a-luz-dos-codigos-penal-e-do-processo-penal\/","og_locale":"en_US","og_type":"article","og_title":"O regime jur\u00eddico da liberdade condicional \u00e0 luz dos c\u00f3digos penal e do processo penal - Observat\u00f3rio da imprensa","og_description":"Sorry, this entry is only available in European Portuguese.","og_url":"https:\/\/observatoriodaimprensa.net\/o-regime-juridico-da-liberdade-condicional-a-luz-dos-codigos-penal-e-do-processo-penal\/","og_site_name":"Observat\u00f3rio da imprensa","article_published_time":"2021-11-09T05:28:20+00:00","og_image":[{"width":1536,"height":1023,"url":"https:\/\/observatoriodaimprensa.net\/wp-content\/uploads\/2021\/11\/loves-sweet-revenge-2.jpg","path":"\/home\/observ58\/public_html\/wp-content\/uploads\/2021\/11\/loves-sweet-revenge-2.jpg","size":"full","id":3513,"alt":"","pixels":1571328,"type":"image\/jpeg"}],"twitter_misc":{"Written by":"OI","Est. reading time":"8 minutes"},"schema":{"@context":"https:\/\/schema.org","@graph":[{"@type":"WebSite","@id":"https:\/\/observatoriodaimprensa.net\/#website","url":"https:\/\/observatoriodaimprensa.net\/","name":"Observat\u00f3rio da imprensa","description":"","potentialAction":[{"@type":"SearchAction","target":{"@type":"EntryPoint","urlTemplate":"https:\/\/observatoriodaimprensa.net\/?s={search_term_string}"},"query-input":"required name=search_term_string"}],"inLanguage":"en-US"},{"@type":"ImageObject","@id":"https:\/\/observatoriodaimprensa.net\/o-regime-juridico-da-liberdade-condicional-a-luz-dos-codigos-penal-e-do-processo-penal\/#primaryimage","inLanguage":"en-US","url":"https:\/\/observatoriodaimprensa.net\/wp-content\/uploads\/2021\/11\/loves-sweet-revenge-2.jpg","contentUrl":"https:\/\/observatoriodaimprensa.net\/wp-content\/uploads\/2021\/11\/loves-sweet-revenge-2.jpg","width":1536,"height":1023,"caption":"Empty prison cell"},{"@type":"WebPage","@id":"https:\/\/observatoriodaimprensa.net\/o-regime-juridico-da-liberdade-condicional-a-luz-dos-codigos-penal-e-do-processo-penal\/#webpage","url":"https:\/\/observatoriodaimprensa.net\/o-regime-juridico-da-liberdade-condicional-a-luz-dos-codigos-penal-e-do-processo-penal\/","name":"O regime jur\u00eddico da liberdade condicional \u00e0 luz dos c\u00f3digos penal e do processo penal - Observat\u00f3rio da imprensa","isPartOf":{"@id":"https:\/\/observatoriodaimprensa.net\/#website"},"primaryImageOfPage":{"@id":"https:\/\/observatoriodaimprensa.net\/o-regime-juridico-da-liberdade-condicional-a-luz-dos-codigos-penal-e-do-processo-penal\/#primaryimage"},"datePublished":"2021-11-09T05:28:20+00:00","dateModified":"2021-11-09T05:28:20+00:00","author":{"@id":"https:\/\/observatoriodaimprensa.net\/#\/schema\/person\/91ffb291eefe6573f35f382bdeebea62"},"breadcrumb":{"@id":"https:\/\/observatoriodaimprensa.net\/o-regime-juridico-da-liberdade-condicional-a-luz-dos-codigos-penal-e-do-processo-penal\/#breadcrumb"},"inLanguage":"en-US","potentialAction":[{"@type":"ReadAction","target":["https:\/\/observatoriodaimprensa.net\/o-regime-juridico-da-liberdade-condicional-a-luz-dos-codigos-penal-e-do-processo-penal\/"]}]},{"@type":"BreadcrumbList","@id":"https:\/\/observatoriodaimprensa.net\/o-regime-juridico-da-liberdade-condicional-a-luz-dos-codigos-penal-e-do-processo-penal\/#breadcrumb","itemListElement":[{"@type":"ListItem","position":1,"name":"In\u00edcio","item":"https:\/\/observatoriodaimprensa.net\/"},{"@type":"ListItem","position":2,"name":"O regime jur\u00eddico da liberdade condicional \u00e0 luz dos c\u00f3digos penal e do processo penal"}]},{"@type":"Person","@id":"https:\/\/observatoriodaimprensa.net\/#\/schema\/person\/91ffb291eefe6573f35f382bdeebea62","name":"OI","image":{"@type":"ImageObject","@id":"https:\/\/observatoriodaimprensa.net\/#personlogo","inLanguage":"en-US","url":"https:\/\/secure.gravatar.com\/avatar\/714fbd1c2449a4ed0d119c20e4fddcc6?s=96&d=mm&r=g","contentUrl":"https:\/\/secure.gravatar.com\/avatar\/714fbd1c2449a4ed0d119c20e4fddcc6?s=96&d=mm&r=g","caption":"OI"},"description":"Domingos da Cruz \u00e9 Graduado em Filosofia e Pedagogia pelo IDBES ( Instituto Dom Bosco de Estudos Superior-Angola) e Mestre em Ci\u00eancias Jur\u00eddicas-\u00c1rea de Direitos Humanos pela Universidade Federal da Paraiba-UFPB-Brasil. Jornalista, Escritor com seis livros publicados e vencedor do Pr\u00e9mio Nacional de Direitos Humanos, Categoria Ricardo de Melo em 2009. Membro do (NCDH) N\u00facleo de Cidadania e Direitos Humanos da UFPB, actuando no GT de Investiga\u00e7\u00e3o em Seguran\u00e7a P\u00fablica, Viol\u00eancia e Direitos Humanos. \u00c9 ainda Membro convidado do grupo de pesquisa sobre Ret\u00f3rica e Direitos Humanos do CCJ (Centro de Ci\u00eancias Jur\u00eddicas). Professor de Direitos Humanos, Filosofia da Educa\u00e7\u00e3o e Teoria da Educa\u00e7\u00e3o. Foi porta-voz do Instituto para Media na Regi\u00e3o Austral de \u00c1frica \u2013 MISA-Angola. Consultor de ONGs nacionais e internacionais.","url":"https:\/\/observatoriodaimprensa.net\/en\/author\/domingos-da-cruz-maninho\/"}]}},"_links":{"self":[{"href":"https:\/\/observatoriodaimprensa.net\/en\/wp-json\/wp\/v2\/posts\/3512"}],"collection":[{"href":"https:\/\/observatoriodaimprensa.net\/en\/wp-json\/wp\/v2\/posts"}],"about":[{"href":"https:\/\/observatoriodaimprensa.net\/en\/wp-json\/wp\/v2\/types\/post"}],"author":[{"embeddable":true,"href":"https:\/\/observatoriodaimprensa.net\/en\/wp-json\/wp\/v2\/users\/2"}],"replies":[{"embeddable":true,"href":"https:\/\/observatoriodaimprensa.net\/en\/wp-json\/wp\/v2\/comments?post=3512"}],"version-history":[{"count":0,"href":"https:\/\/observatoriodaimprensa.net\/en\/wp-json\/wp\/v2\/posts\/3512\/revisions"}],"wp:featuredmedia":[{"embeddable":true,"href":"https:\/\/observatoriodaimprensa.net\/en\/wp-json\/wp\/v2\/media\/3513"}],"wp:attachment":[{"href":"https:\/\/observatoriodaimprensa.net\/en\/wp-json\/wp\/v2\/media?parent=3512"}],"wp:term":[{"taxonomy":"category","embeddable":true,"href":"https:\/\/observatoriodaimprensa.net\/en\/wp-json\/wp\/v2\/categories?post=3512"},{"taxonomy":"post_tag","embeddable":true,"href":"https:\/\/observatoriodaimprensa.net\/en\/wp-json\/wp\/v2\/tags?post=3512"}],"curies":[{"name":"wp","href":"https:\/\/api.w.org\/{rel}","templated":true}]}}